{"id":4635,"date":"2026-06-27T17:57:59","date_gmt":"2026-06-27T22:57:59","guid":{"rendered":"https:\/\/conexion-mx.com\/?p=4635"},"modified":"2026-06-27T17:57:59","modified_gmt":"2026-06-27T22:57:59","slug":"kenia-lechuga-conquista-el-oro-en-lucerna-y-confirma-su-dominio","status":"publish","type":"post","link":"https:\/\/conexion-mx.com\/?p=4635","title":{"rendered":"Kenia Lechuga conquista el oro en Lucerna y confirma su dominio"},"content":{"rendered":"<p> <br \/>\n<\/p>\n<div itemprop=\"articleBody\">\n<div class=\"txt_contenido\">\n<p>                                    <meta charset=\"UTF-8\"\/><br \/>\n<title\/><\/p>\n<p>La deportista <strong>Kenia Lechuga<\/strong> volvi\u00f3 a colocar el nombre de <strong>M\u00e9xico<\/strong> en lo m\u00e1s alto del remo internacional al conquistar la medalla de oro en la <strong>Copa del Mundo de Remo 2026<\/strong>, celebrada en <strong>Lucerna, Suiza<\/strong>. La atleta mexicana domin\u00f3 de principio a fin la final A de la categor\u00eda <strong>single scull ligero femenino (LW1x)<\/strong>, con lo que confirm\u00f3 la gran temporada que ha venido construyendo dentro del circuito mundial.<\/p>\n<p>La remera regiomontana registr\u00f3 un tiempo exacto de <strong>7:35.32<\/strong> en los <strong>dos mil metros<\/strong> de competencia, una marca impecable que le permiti\u00f3 quedarse con el primer lugar del podio por encima de la neerlandesa <strong>Femke van de Vliet<\/strong>, quien detuvo el reloj en <strong>07:41.92<\/strong>, y de la irlandesa <strong>Isobel Clements<\/strong>, que se llev\u00f3 el bronce con <strong>07:42.55<\/strong>. La diferencia entre las competidoras dej\u00f3 clara la tremenda exigencia de una final donde la preparaci\u00f3n f\u00edsica y la ejecuci\u00f3n de la estrategia terminaron por definir todo.<\/p>\n<aside class=\"htmlinline\"\/>\n<p>Su actuaci\u00f3n fue una aut\u00e9ntica c\u00e1tedra de control t\u00e1ctico, resistencia y precisi\u00f3n t\u00e9cnica en una prueba de fuego donde cada peque\u00f1o detalle define si te subes al podio o te quedas fuera de los primeros lugares. <strong>Kenia Lechuga<\/strong> afront\u00f3 la competencia con una estrategia clara: mantener un ritmo constante desde el arranque. Durante los primeros <strong>500 metros<\/strong> detuvo el cron\u00f3metro en <strong>1:49.17<\/strong> y, para la mitad de la prueba, ya cruzaba con un registro de <strong>3:45.66<\/strong>.<\/p>\n<p>La mexicana no baj\u00f3 los brazos y continu\u00f3 con paso firme en la segunda mitad del recorrido; alcanz\u00f3 los <strong>mil 500 metros<\/strong> con un tiempo de <strong>5:42.13<\/strong>, para luego cerrar los \u00faltimos metros con la ventaja perfecta y asegurar una victoria contundente.<\/p>\n<p>Este resultado tiene un significado muy especial para la atleta, ya que lleg\u00f3 apenas un d\u00eda despu\u00e9s de haber cumplido <strong>32 a\u00f1os<\/strong>. De esta manera, <strong>Kenia Lechuga<\/strong> celebr\u00f3 una nueva vuelta al sol con una de las actuaciones m\u00e1s importantes de toda su temporada, imponi\u00e9ndose con autoridad en un escenario que concentr\u00f3 a las mejores especialistas del remo a nivel mundial.<\/p>\n<p>Con este triunfo, <strong>Kenia Lechuga<\/strong> cerr\u00f3 el serial de <strong>Copas del Mundo de Remo 2026<\/strong> con un saldo de <strong>dos medallas de oro<\/strong> en la misma prueba, un resultado que confirma la enorme regularidad que ha mantenido este a\u00f1o. La victoria conseguida en <strong>Suiza<\/strong> escribe un nuevo cap\u00edtulo en la trayectoria de una deportista que sabe perfectamente lo que es competir al m\u00e1s alto nivel. A lo largo de los a\u00f1os, se ha consolidado como un referente indiscutible del deporte en <strong>M\u00e9xico<\/strong> por su presencia constante en escenarios internacionales y su capacidad para medirse al t\u00fa por t\u00fa con las mejores del planeta.<\/p>\n<\/p><\/div>\n<\/p><\/div>\n<p><script>\n    !function(f,b,e,v,n,t,s)\n    {if(f.fbq)return;n=f.fbq=function(){n.callMethod?\n    n.callMethod.apply(n,arguments):n.queue.push(arguments)};\n    if(!f._fbq)f._fbq=n;n.push=n;n.loaded=!0;n.version='2.0';\n    n.queue=[];t=b.createElement(e);t.async=!0;\n    t.src=v;s=b.getElementsByTagName(e)[0];\n    s.parentNode.insertBefore(t,s)}(window, document,'script',\n    'https:\/\/connect.facebook.net\/en_US\/fbevents.js');\n    fbq('init', '237927003583820');\n    fbq('track', 'PageView');\n  <\/script><br \/>\n<br \/><\/p>\n","protected":false},"excerpt":{"rendered":"<p>La deportista Kenia Lechuga volvi\u00f3 a colocar el nombre de M\u00e9xico en lo m\u00e1s alto del remo internacional al conquistar la medalla de oro en la Copa del Mundo de Remo 2026, celebrada en Lucerna, Suiza. La atleta mexicana domin\u00f3 de principio a fin la final A de la categor\u00eda single scull ligero femenino (LW1x), [&hellip;]<\/p>\n","protected":false},"author":2,"featured_media":4636,"comment_status":"","ping_status":"","sticky":false,"template":"","format":"standard","meta":{"footnotes":""},"categories":[2],"tags":[],"class_list":["post-4635","post","type-post","status-publish","format-standard","has-post-thumbnail","hentry","category-local"],"_links":{"self":[{"href":"https:\/\/conexion-mx.com\/index.php?rest_route=\/wp\/v2\/posts\/4635","targetHints":{"allow":["GET"]}}],"collection":[{"href":"https:\/\/conexion-mx.com\/index.php?rest_route=\/wp\/v2\/posts"}],"about":[{"href":"https:\/\/conexion-mx.com\/index.php?rest_route=\/wp\/v2\/types\/post"}],"author":[{"embeddable":true,"href":"https:\/\/conexion-mx.com\/index.php?rest_route=\/wp\/v2\/users\/2"}],"replies":[{"embeddable":true,"href":"https:\/\/conexion-mx.com\/index.php?rest_route=%2Fwp%2Fv2%2Fcomments&post=4635"}],"version-history":[{"count":0,"href":"https:\/\/conexion-mx.com\/index.php?rest_route=\/wp\/v2\/posts\/4635\/revisions"}],"wp:featuredmedia":[{"embeddable":true,"href":"https:\/\/conexion-mx.com\/index.php?rest_route=\/wp\/v2\/media\/4636"}],"wp:attachment":[{"href":"https:\/\/conexion-mx.com\/index.php?rest_route=%2Fwp%2Fv2%2Fmedia&parent=4635"}],"wp:term":[{"taxonomy":"category","embeddable":true,"href":"https:\/\/conexion-mx.com\/index.php?rest_route=%2Fwp%2Fv2%2Fcategories&post=4635"},{"taxonomy":"post_tag","embeddable":true,"href":"https:\/\/conexion-mx.com\/index.php?rest_route=%2Fwp%2Fv2%2Ftags&post=4635"}],"curies":[{"name":"wp","href":"https:\/\/api.w.org\/{rel}","templated":true}]}}