{"id":4643,"date":"2026-06-28T11:41:18","date_gmt":"2026-06-28T16:41:18","guid":{"rendered":"https:\/\/conexion-mx.com\/?p=4643"},"modified":"2026-06-28T11:41:18","modified_gmt":"2026-06-28T16:41:18","slug":"que-no-se-te-pase-este-es-el-ultimo-dia-de-registro-a-la-pension-para-los-adultos-mayores-y-mujeres-bienestar","status":"publish","type":"post","link":"https:\/\/conexion-mx.com\/?p=4643","title":{"rendered":"\u00a1Que no se te pase! Este es el \u00daLTIMO D\u00cdA de REGISTRO a la Pensi\u00f3n para los Adultos Mayores y Mujeres Bienestar"},"content":{"rendered":"<p> <br \/>\n<\/p>\n<div itemprop=\"articleBody\">\n<div class=\"txt_contenido\">\n<p>Este domingo 28 de junio se cierra el registro a la <strong>Pensi\u00f3n para los Adultos Mayores<\/strong> y <strong>Mujeres Bienestar de 60 a 64 a\u00f1os<\/strong> de edad. De acuerdo con el <strong>calendario<\/strong> difundido por la<strong> Secretar\u00eda de Bienestar<\/strong> este d\u00eda se pueden registrar todas las personas que cumplen con los requisitos para incorporarse a estos programas sociales, sin importar el apellido.<\/p>\n<p>Esto se debe a que los fines de semana los <strong>m\u00f3dulos de Bienestar<\/strong> est\u00e1n abiertos para todas las <strong>personas<\/strong>\u00a0que no pudieron acudir en la <strong>fecha<\/strong> que les correspond\u00eda de acuerdo con la letra de su primer <strong>apellido<\/strong>.<\/p>\n<aside class=\"htmlinline\"\/>\n<div class=\"image-align-center\">\n<figure class=\"image\"><img loading=\"lazy\" decoding=\"async\" alt=\"\" height=\"960\" src=\"https:\/\/heraldodemexico.com.mx\/u\/fotografias\/m\/2026\/6\/28\/f768x1-1301040_1301167_5050.jpeg\" width=\"768\"\/>&#13;<figcaption>Calendario de registro<\/figcaption>&#13;<br \/>\n<\/figure>\n<\/div>\n<h2>\u00bfCu\u00e1les son los requisitos para el registro a la Pensi\u00f3n de los Adultos Mayores?<\/h2>\n<p>Tanto las personas que deseen registrarse a la Pensi\u00f3n de los Adultos Mayores deben tener 65 a\u00f1os, mientras que quienes se van a registrar a Mujeres Bienestar pueden tener entre 60 y 64 a\u00f1os.<\/p>\n<ul>&#13;<\/p>\n<li>Acta de nacimiento<\/li>\n<p>&#13;<\/p>\n<li>Identificaci\u00f3n oficial vigente<\/li>\n<p>&#13;<\/p>\n<li>CURP<\/li>\n<p>&#13;<\/p>\n<li>Comprobante de domicilio no mayor a seis meses<\/li>\n<p>&#13;<\/p>\n<li>Tel\u00e9fono de contacto<\/li>\n<p>&#13;\n<\/ul>\n<p>El\u00a0<strong>registro<\/strong>\u00a0se realizar\u00e1 en todo el pa\u00eds,\u00a0en los\u00a0<strong>m\u00f3dulos de bienestar<\/strong> de <strong>10:00 a 16:00 horas<\/strong>. Para consultar la <strong>ubicaci\u00f3n<\/strong> de los m\u00f3dulos m\u00e1s cercanos a tu domicilio, entra a la p\u00e1gina web de la dependencia:\u00a0\u00a0www.gob.mx\/bienestar. \u00a0<\/p>\n<p>La\u00a0<strong>Pensi\u00f3n de las Personas Adultas Mayores<\/strong> otorga un apoyo bimestral de 6,400 pesos, mientras que la <strong>Pensi\u00f3n Mujeres Bienestar<\/strong> brinda un apoyo de\u00a03,100 pesos bimestrales.<\/p>\n<h2>\u00bfCu\u00e1ndo es el pr\u00f3ximo pago de la Pensi\u00f3n Bienestar?<\/h2>\n<p>Se tiene previsto que el\u00a0dep\u00f3sito de los apoyos\u00a0sean depositados en la <strong>tarjeta del Banco del Bienestar<\/strong>\u00a0se realice la primera semana de julio. Sin embargo,\u00a0el\u00a0calendario oficial no ha sido publicado por la Secretar\u00eda de Bienestar.<\/p>\n<p>Con base en\u00a0el patr\u00f3n de pagos de meses anteriores, es posible que los beneficiarios reciban sus apoyos\u00a0del bimestre julio-agosto en las siguientes fechas:\u00a0<\/p>\n<ul>&#13;<\/p>\n<li>Mi\u00e9rcoles 1 de julio &#8211; Letra A<\/li>\n<p>&#13;<\/p>\n<li>Jueves 2 de julio &#8211; Letra B<\/li>\n<p>&#13;<\/p>\n<li>Viernes 3 de julio y Lunes 6 de julio\u00a0&#8211; Letra\u00a0C<\/li>\n<p>&#13;<\/p>\n<li>Martes 7 de julio &#8211; Letras D, E, F<\/li>\n<p>&#13;<\/p>\n<li>Mi\u00e9rcoles 8 y Jueves 9 de julio &#8211; Letra G<\/li>\n<p>&#13;<\/p>\n<li>Viernes 10 de julio &#8211; Letras H, I, J, K<\/li>\n<p>&#13;<\/p>\n<li>Lunes 13 de julio &#8211; Letra L<\/li>\n<p>&#13;<\/p>\n<li>Martes 14 y Mi\u00e9rcoles 15 de julio &#8211; Letra M<\/li>\n<p>&#13;<\/p>\n<li>Jueves 16 de julio &#8211; Letras N, \u00d1, O<\/li>\n<p>&#13;<\/p>\n<li>Viernes 17 de julio &#8211; Letras\u00a0P, Q<\/li>\n<p>&#13;<\/p>\n<li>Lunes 20 y Martes 21 de julio &#8211; Letra R<\/li>\n<p>&#13;<\/p>\n<li>Mi\u00e9rcoles 22 de julio &#8211; Letra S<\/li>\n<p>&#13;<\/p>\n<li>Jueves 23 de julio &#8211; Letras T, U, V<\/li>\n<p>&#13;<\/p>\n<li>Viernes 24 de julio &#8211; Letras W, X, Y, Z<\/li>\n<p>&#13;\n<\/ul>\n<\/p><\/div>\n<\/p><\/div>\n<p><script>\n    !function(f,b,e,v,n,t,s)\n    {if(f.fbq)return;n=f.fbq=function(){n.callMethod?\n    n.callMethod.apply(n,arguments):n.queue.push(arguments)};\n    if(!f._fbq)f._fbq=n;n.push=n;n.loaded=!0;n.version='2.0';\n    n.queue=[];t=b.createElement(e);t.async=!0;\n    t.src=v;s=b.getElementsByTagName(e)[0];\n    s.parentNode.insertBefore(t,s)}(window, document,'script',\n    'https:\/\/connect.facebook.net\/en_US\/fbevents.js');\n    fbq('init', '237927003583820');\n    fbq('track', 'PageView');\n  <\/script><br \/>\n<br \/><\/p>\n","protected":false},"excerpt":{"rendered":"<p>Este domingo 28 de junio se cierra el registro a la Pensi\u00f3n para los Adultos Mayores y Mujeres Bienestar de 60 a 64 a\u00f1os de edad. De acuerdo con el calendario difundido por la Secretar\u00eda de Bienestar este d\u00eda se pueden registrar todas las personas que cumplen con los requisitos para incorporarse a estos programas [&hellip;]<\/p>\n","protected":false},"author":2,"featured_media":4644,"comment_status":"","ping_status":"","sticky":false,"template":"","format":"standard","meta":{"footnotes":""},"categories":[2],"tags":[],"class_list":["post-4643","post","type-post","status-publish","format-standard","has-post-thumbnail","hentry","category-local"],"_links":{"self":[{"href":"https:\/\/conexion-mx.com\/index.php?rest_route=\/wp\/v2\/posts\/4643","targetHints":{"allow":["GET"]}}],"collection":[{"href":"https:\/\/conexion-mx.com\/index.php?rest_route=\/wp\/v2\/posts"}],"about":[{"href":"https:\/\/conexion-mx.com\/index.php?rest_route=\/wp\/v2\/types\/post"}],"author":[{"embeddable":true,"href":"https:\/\/conexion-mx.com\/index.php?rest_route=\/wp\/v2\/users\/2"}],"replies":[{"embeddable":true,"href":"https:\/\/conexion-mx.com\/index.php?rest_route=%2Fwp%2Fv2%2Fcomments&post=4643"}],"version-history":[{"count":0,"href":"https:\/\/conexion-mx.com\/index.php?rest_route=\/wp\/v2\/posts\/4643\/revisions"}],"wp:featuredmedia":[{"embeddable":true,"href":"https:\/\/conexion-mx.com\/index.php?rest_route=\/wp\/v2\/media\/4644"}],"wp:attachment":[{"href":"https:\/\/conexion-mx.com\/index.php?rest_route=%2Fwp%2Fv2%2Fmedia&parent=4643"}],"wp:term":[{"taxonomy":"category","embeddable":true,"href":"https:\/\/conexion-mx.com\/index.php?rest_route=%2Fwp%2Fv2%2Fcategories&post=4643"},{"taxonomy":"post_tag","embeddable":true,"href":"https:\/\/conexion-mx.com\/index.php?rest_route=%2Fwp%2Fv2%2Ftags&post=4643"}],"curies":[{"name":"wp","href":"https:\/\/api.w.org\/{rel}","templated":true}]}}