{"id":4645,"date":"2026-06-28T14:30:35","date_gmt":"2026-06-28T19:30:35","guid":{"rendered":"https:\/\/conexion-mx.com\/?p=4645"},"modified":"2026-06-28T14:30:35","modified_gmt":"2026-06-28T19:30:35","slug":"disfruta-el-mejor-fanfest-social-de-la-ciudad-de-mexico-gratis-en-la-gam","status":"publish","type":"post","link":"https:\/\/conexion-mx.com\/?p=4645","title":{"rendered":"Disfruta el mejor FanFest Social de la Ciudad de M\u00e9xico gratis en la GAM"},"content":{"rendered":"<p> <br \/>\n<\/p>\n<div>\n<p>La fiebre mundialista volver\u00e1 a tomar la explanada de la alcald\u00eda<strong> Gustavo A. Madero<\/strong>, convertida en el <strong>Estadio GAM<\/strong>, con el mejor <strong>Fan Fest de la Ciudad de M\u00e9xico<\/strong>, donde miles de aficionados podr\u00e1n vivir una aut\u00e9ntica fiesta futbolera durante el duelo entre la <strong>Selecci\u00f3n Mexicana <\/strong>y <strong>Ecuador<\/strong>, correspondiente a los dieciseisavos de final de la <strong>Copa Mundial 2026<\/strong>.<\/p>\n<p>El ambiente comenzar\u00e1 desde antes del silbatazo inicial. El alcalde <strong>Janecarlo Lozano<\/strong> anunci\u00f3 que el pr\u00f3ximo martes 30 de junio \u00a0a las 18:00 horas, la emblem\u00e1tica banda de rock urbano <strong>El Harag\u00e1n y Compa\u00f1\u00eda<\/strong> ofrecer\u00e1 un concierto gratuito como parte del <strong>Fan<\/strong> <strong>Fest<\/strong> <strong>Social<\/strong>, en un evento pensado para que las familias disfruten una jornada llena de m\u00fasica, entretenimiento y futbol.<\/p>\n<aside class=\"htmlinline\"\/>\n<p>Con una pantalla gigante, gradas y cientos de sillas instaladas para brindar mayor comodidad, el <strong>Estadio<\/strong> <strong>GAM<\/strong> es uno de los espacios p\u00fablicos m\u00e1s concurridos para seguir la participaci\u00f3n de la <strong>Selecci\u00f3n Mexicana<\/strong> en la justa mundialista.<\/p>\n<div class=\"image-align-center\">\n<figure class=\"image\"><img loading=\"lazy\" decoding=\"async\" alt=\"\" height=\"641\" src=\"https:\/\/heraldodemexico.com.mx\/u\/fotografias\/m\/2026\/6\/28\/f768x1-1301086_1301213_5050.jpeg\" width=\"768\"\/>&#13;<figcaption>Foto:\u00a0Especial<\/figcaption>&#13;<br \/>\n<\/figure>\n<\/div>\n<p>La experiencia va m\u00e1s all\u00e1 de los 90 minutos. Los asistentes tambi\u00e9n pueden recorrer una feria gastron\u00f3mica con una amplia oferta de alimentos y bebidas, adem\u00e1s de una zona de juegos mec\u00e1nicos que permite a ni\u00f1as, ni\u00f1os y adultos disfrutar de actividades recreativas antes y despu\u00e9s del encuentro.<\/p>\n<p>El Tricolor llega inspirado a la fase de eliminaci\u00f3n directa tras firmar una fase de grupos perfecta.\u00a0<\/p>\n<p>En su primer partido, la <strong>Selecci\u00f3n Mexicana <\/strong>obtuvo un triunfo de 2-0 sobre <strong>Sud\u00e1frica<\/strong>, posteriormente derrot\u00f3 1-0 a <strong>Corea del Sur <\/strong>y cerr\u00f3 la primera ronda con una contundente victoria de 3-0 frente a <strong>Rep\u00fablica<\/strong> <strong>Chequia<\/strong>, resultados que alimentan la ilusi\u00f3n de la afici\u00f3n mexicana de seguir avanzando en el <strong>Mundial<\/strong>.<\/p>\n<p>Del otro lado estar\u00e1 <strong>Ecuador<\/strong>, que logr\u00f3 instalarse en los dieciseisavos de final como uno de los mejores terceros lugares. La escuadra sudamericana inici\u00f3 su participaci\u00f3n con una derrota de 1-0 ante <strong>Costa de Marfil<\/strong>, empat\u00f3 sin anotaciones frente a <strong>Curazao<\/strong> y sell\u00f3 su clasificaci\u00f3n con un triunfo de 2-1 sobre <strong>Alemania<\/strong>.<\/p>\n<p>Con esta iniciativa, la alcald\u00eda <strong>Gustavo A. Madero<\/strong> busca ofrecer un espacio seguro, gratuito y familiar para que la pasi\u00f3n por el futbol se viva en comunidad.\u00a0&#13;<br \/>\n&#13;\n<\/p>\n<p>M\u00fasica en vivo, gastronom\u00eda, entretenimiento y la emoci\u00f3n de un partido de eliminaci\u00f3n directa convertir\u00e1n nuevamente al <strong>Estadio<\/strong> <strong>GAM<\/strong> en uno de los puntos de reuni\u00f3n m\u00e1s importantes de la<strong> Ciudad de M\u00e9xico<\/strong> para apoyar al <strong>Tricolor<\/strong>.&#13;<br \/>\n&#13;<br \/>\n&#13;\n                                <\/p>\n<\/p><\/div>\n<p><script>\n    !function(f,b,e,v,n,t,s)\n    {if(f.fbq)return;n=f.fbq=function(){n.callMethod?\n    n.callMethod.apply(n,arguments):n.queue.push(arguments)};\n    if(!f._fbq)f._fbq=n;n.push=n;n.loaded=!0;n.version='2.0';\n    n.queue=[];t=b.createElement(e);t.async=!0;\n    t.src=v;s=b.getElementsByTagName(e)[0];\n    s.parentNode.insertBefore(t,s)}(window, document,'script',\n    'https:\/\/connect.facebook.net\/en_US\/fbevents.js');\n    fbq('init', '237927003583820');\n    fbq('track', 'PageView');\n  <\/script><script>\n    !function(f,b,e,v,n,t,s)\n    {if(f.fbq)return;n=f.fbq=function(){n.callMethod?\n    n.callMethod.apply(n,arguments):n.queue.push(arguments)};\n    if(!f._fbq)f._fbq=n;n.push=n;n.loaded=!0;n.version='2.0';\n    n.queue=[];t=b.createElement(e);t.async=!0;\n    t.src=v;s=b.getElementsByTagName(e)[0];\n    s.parentNode.insertBefore(t,s)}(window, document,'script',\n    'https:\/\/connect.facebook.net\/en_US\/fbevents.js');\n    fbq('init', '802372280934901');\n    fbq('track', 'PageView');\n    <\/script><br \/>\n<br \/><\/p>\n","protected":false},"excerpt":{"rendered":"<p>La fiebre mundialista volver\u00e1 a tomar la explanada de la alcald\u00eda Gustavo A. Madero, convertida en el Estadio GAM, con el mejor Fan Fest de la Ciudad de M\u00e9xico, donde miles de aficionados podr\u00e1n vivir una aut\u00e9ntica fiesta futbolera durante el duelo entre la Selecci\u00f3n Mexicana y Ecuador, correspondiente a los dieciseisavos de final de [&hellip;]<\/p>\n","protected":false},"author":4,"featured_media":4646,"comment_status":"","ping_status":"","sticky":false,"template":"","format":"standard","meta":{"footnotes":""},"categories":[33],"tags":[],"class_list":["post-4645","post","type-post","status-publish","format-standard","has-post-thumbnail","hentry","category-cultura"],"_links":{"self":[{"href":"https:\/\/conexion-mx.com\/index.php?rest_route=\/wp\/v2\/posts\/4645","targetHints":{"allow":["GET"]}}],"collection":[{"href":"https:\/\/conexion-mx.com\/index.php?rest_route=\/wp\/v2\/posts"}],"about":[{"href":"https:\/\/conexion-mx.com\/index.php?rest_route=\/wp\/v2\/types\/post"}],"author":[{"embeddable":true,"href":"https:\/\/conexion-mx.com\/index.php?rest_route=\/wp\/v2\/users\/4"}],"replies":[{"embeddable":true,"href":"https:\/\/conexion-mx.com\/index.php?rest_route=%2Fwp%2Fv2%2Fcomments&post=4645"}],"version-history":[{"count":0,"href":"https:\/\/conexion-mx.com\/index.php?rest_route=\/wp\/v2\/posts\/4645\/revisions"}],"wp:featuredmedia":[{"embeddable":true,"href":"https:\/\/conexion-mx.com\/index.php?rest_route=\/wp\/v2\/media\/4646"}],"wp:attachment":[{"href":"https:\/\/conexion-mx.com\/index.php?rest_route=%2Fwp%2Fv2%2Fmedia&parent=4645"}],"wp:term":[{"taxonomy":"category","embeddable":true,"href":"https:\/\/conexion-mx.com\/index.php?rest_route=%2Fwp%2Fv2%2Fcategories&post=4645"},{"taxonomy":"post_tag","embeddable":true,"href":"https:\/\/conexion-mx.com\/index.php?rest_route=%2Fwp%2Fv2%2Ftags&post=4645"}],"curies":[{"name":"wp","href":"https:\/\/api.w.org\/{rel}","templated":true}]}}