{"id":4647,"date":"2026-06-28T18:13:21","date_gmt":"2026-06-28T23:13:21","guid":{"rendered":"https:\/\/conexion-mx.com\/?p=4647"},"modified":"2026-06-28T18:13:21","modified_gmt":"2026-06-28T23:13:21","slug":"la-barby-juarez-revela-que-preparara-a-bellakath-para-su-pelea-en-ring-royale","status":"publish","type":"post","link":"https:\/\/conexion-mx.com\/?p=4647","title":{"rendered":"\u2018La Barby\u2019 Ju\u00e1rez revela que preparar\u00e1 a Bellakath para su pelea en Ring Royale"},"content":{"rendered":"<p> <br \/>\n<\/p>\n<div itemprop=\"articleBody\">\n<div class=\"txt_contenido\">\n<p>Ante el \u00e9xito que tuvo con la primera edici\u00f3n, <strong>Poncho de Nigris<\/strong> ya prepara la segunda de <strong>Ring Royale<\/strong> y los nombres de algunas celebridades comienzan a tomar fuerza. Esta vez fue <strong>Mariana \u2018La Barby\u2019 Ju\u00e1rez<\/strong> quien revel\u00f3 que <strong>Bellakath<\/strong> ser\u00eda una de las famosas en subir al ring, pues ser\u00e1 la encargada de ense\u00f1arle lo necesario.<\/p>\n<p>Pese a las cr\u00edticas que recibi\u00f3, la primera edici\u00f3n de <strong>Ring Royale <\/strong>logr\u00f3 colocarse como uno de los eventos de boxeo con mayor popularidad. Con personalidades del mundo del espect\u00e1culo y las redes sociales como <strong>Alfredo Adame,<\/strong> Carlos Trejo, Karely Ruiz, Aldo de Nigris,<strong> Nicola Porcella <\/strong>y Alberto del R\u00edo \u2018El Patr\u00f3n\u2019, cada vez son m\u00e1s las celebridades dispuestas a ponerse los guantes.<\/p>\n<aside class=\"htmlinline\"\/>\n<h2>\u00bfBellakath participar\u00e1 en Ring Royale?\u00a0<\/h2>\n<p>En un encuentro con los medios retomado por el reportero Eden Dorantes en su canal de YouTube,<strong> \u2018La Barby\u2019 Ju\u00e1rez <\/strong>revel\u00f3 que estar\u00e1 a cargo de la preparaci\u00f3n de <strong>Bellakath<\/strong> para pelear en Ring Royale. Aunque <strong>Poncho de Nigris<\/strong> no ha confirmado la participaci\u00f3n de la cantante, su nombre toma cada vez m\u00e1s fuerza generando gran emoci\u00f3n entre los fan\u00e1ticos.<\/p>\n<aside class=\"relacionadas con-foto linea-1078\"><strong class=\"relacionadas-titulo-gral\">Noticias Relacionadas<\/strong><\/aside>\n<blockquote><p>&#13;<\/p>\n<p>\u00abS\u00ed, por ah\u00ed ya estamos ah\u00ed con algunas y ah\u00ed vamos a estar trabajando con\u00a0Bellakath, que tambi\u00e9n dice que se va a subir al ring\u201c, declar\u00f3 la\u00a0boxeadora sin dar m\u00e1s detalles al respecto.<\/p>\n<p>&#13;\n<\/p><\/blockquote>\n<h2>\u00bfQui\u00e9n ser\u00e1 la rival de Bellakath en el ring?\u00a0<\/h2>\n<p>Aunque tampoco se ha destapado la rival de Bellakath sobre el ring, internautas no descartan la posibilidad de que se trate de <strong>Yeri Mua <\/strong>con quien la cantante tiene una fuerte <strong>enemistad<\/strong>. Su conflicto comenz\u00f3 en 2024 con fuertes declaraciones a trav\u00e9s de X, antes Twitter, sobre sus cirug\u00edas est\u00e9ticas y quien ser\u00eda la reina del <strong>reguet\u00f3n mexa.<\/strong><\/p>\n<blockquote><p>&#13;<\/p>\n<p>\u201cNo s\u00e9 contra qui\u00e9n vaya a ser, la verdad no s\u00e9, pero pues ah\u00ed vamos a estar ech\u00e1ndole la mano, apoyando en lo que se pueda\u201d, dijo Ju\u00e1rez sobre la posible rival de Bellakath.<\/p>\n<p>&#13;\n<\/p><\/blockquote>\n<p>\u00a0<\/p>\n<\/p><\/div>\n<\/p><\/div>\n<p><script>\n    !function(f,b,e,v,n,t,s)\n    {if(f.fbq)return;n=f.fbq=function(){n.callMethod?\n    n.callMethod.apply(n,arguments):n.queue.push(arguments)};\n    if(!f._fbq)f._fbq=n;n.push=n;n.loaded=!0;n.version='2.0';\n    n.queue=[];t=b.createElement(e);t.async=!0;\n    t.src=v;s=b.getElementsByTagName(e)[0];\n    s.parentNode.insertBefore(t,s)}(window, document,'script',\n    'https:\/\/connect.facebook.net\/en_US\/fbevents.js');\n    fbq('init', '237927003583820');\n    fbq('track', 'PageView');\n  <\/script><script>\n    !function(f,b,e,v,n,t,s)\n    {if(f.fbq)return;n=f.fbq=function(){n.callMethod?\n    n.callMethod.apply(n,arguments):n.queue.push(arguments)};\n    if(!f._fbq)f._fbq=n;n.push=n;n.loaded=!0;n.version='2.0';\n    n.queue=[];t=b.createElement(e);t.async=!0;\n    t.src=v;s=b.getElementsByTagName(e)[0];\n    s.parentNode.insertBefore(t,s)}(window, document,'script',\n    'https:\/\/connect.facebook.net\/en_US\/fbevents.js');\n    fbq('init', '775201487065840');\n    fbq('track', 'PageView');\n    <\/script><br \/>\n<br \/><\/p>\n","protected":false},"excerpt":{"rendered":"<p>Ante el \u00e9xito que tuvo con la primera edici\u00f3n, Poncho de Nigris ya prepara la segunda de Ring Royale y los nombres de algunas celebridades comienzan a tomar fuerza. Esta vez fue Mariana \u2018La Barby\u2019 Ju\u00e1rez quien revel\u00f3 que Bellakath ser\u00eda una de las famosas en subir al ring, pues ser\u00e1 la encargada de ense\u00f1arle [&hellip;]<\/p>\n","protected":false},"author":3,"featured_media":4648,"comment_status":"","ping_status":"","sticky":false,"template":"","format":"standard","meta":{"footnotes":""},"categories":[35],"tags":[],"class_list":["post-4647","post","type-post","status-publish","format-standard","has-post-thumbnail","hentry","category-espectaculos"],"_links":{"self":[{"href":"https:\/\/conexion-mx.com\/index.php?rest_route=\/wp\/v2\/posts\/4647","targetHints":{"allow":["GET"]}}],"collection":[{"href":"https:\/\/conexion-mx.com\/index.php?rest_route=\/wp\/v2\/posts"}],"about":[{"href":"https:\/\/conexion-mx.com\/index.php?rest_route=\/wp\/v2\/types\/post"}],"author":[{"embeddable":true,"href":"https:\/\/conexion-mx.com\/index.php?rest_route=\/wp\/v2\/users\/3"}],"replies":[{"embeddable":true,"href":"https:\/\/conexion-mx.com\/index.php?rest_route=%2Fwp%2Fv2%2Fcomments&post=4647"}],"version-history":[{"count":0,"href":"https:\/\/conexion-mx.com\/index.php?rest_route=\/wp\/v2\/posts\/4647\/revisions"}],"wp:featuredmedia":[{"embeddable":true,"href":"https:\/\/conexion-mx.com\/index.php?rest_route=\/wp\/v2\/media\/4648"}],"wp:attachment":[{"href":"https:\/\/conexion-mx.com\/index.php?rest_route=%2Fwp%2Fv2%2Fmedia&parent=4647"}],"wp:term":[{"taxonomy":"category","embeddable":true,"href":"https:\/\/conexion-mx.com\/index.php?rest_route=%2Fwp%2Fv2%2Fcategories&post=4647"},{"taxonomy":"post_tag","embeddable":true,"href":"https:\/\/conexion-mx.com\/index.php?rest_route=%2Fwp%2Fv2%2Ftags&post=4647"}],"curies":[{"name":"wp","href":"https:\/\/api.w.org\/{rel}","templated":true}]}}