{"id":4649,"date":"2026-06-28T19:43:19","date_gmt":"2026-06-29T00:43:19","guid":{"rendered":"https:\/\/conexion-mx.com\/?p=4649"},"modified":"2026-06-28T19:43:19","modified_gmt":"2026-06-29T00:43:19","slug":"el-caso-de-manuel-buendia-no-ha-muerto-un-nuevo-libro-revela-los-ultimos-dias-del-periodista","status":"publish","type":"post","link":"https:\/\/conexion-mx.com\/?p=4649","title":{"rendered":"El caso de Manuel Buend\u00eda no ha muerto: un nuevo libro revela los \u00faltimos d\u00edas del periodista"},"content":{"rendered":"<p> <br \/>\n<\/p>\n<div>\n<p>La reconstrucci\u00f3n de los hechos hist\u00f3ricos en torno al <strong>homicidio <\/strong>del periodista <strong>Manuel Buend\u00eda<\/strong>, ocurrido el 30 de mayo de 1984, se ha estructurado a trav\u00e9s de una <strong>investigaci\u00f3n documental <\/strong>y <strong>testimonial <\/strong>que dio origen a una obra de ficci\u00f3n basada en la realidad:\u00a0<strong>Operaci\u00f3n Noticia<\/strong>, una obra que <strong>Fritz Glockner <\/strong>tard\u00f3 cinco a\u00f1os en terminar<\/p>\n<p>El proceso de <strong>recopilaci\u00f3n de informaci\u00f3n<\/strong>, dio a conocer el autor en entrevista para <strong>El Heraldo Radio,\u00a0<\/strong>comenz\u00f3 durante los meses finales del a\u00f1o 2018, en el marco de la conclusi\u00f3n de un <strong>libro previo <\/strong>sobre la historia de la <strong>guerrilla en M\u00e9xico<\/strong>, lo que permiti\u00f3 identificar los v\u00ednculos del caso con las estructuras del Estado de la \u00e9poca.<\/p>\n<aside class=\"htmlinline\"\/>\n<p>La indagaci\u00f3n hist\u00f3rica se centr\u00f3 en la trayectoria de <strong>Buend\u00eda<\/strong>, quien inici\u00f3 sus labores en la secci\u00f3n de <strong>nota roja <\/strong>y public\u00f3 en un peri\u00f3dico vinculado al <strong>Partido Acci\u00f3n Nacional<\/strong>, para posteriormente convertirse en un cr\u00edtico que denunciaba las acciones de la <strong>Agencia Central de Inteligencia estadounidense <\/strong>en territorio nacional mediante su publicaci\u00f3n sobre dicha instituci\u00f3n.<\/p>\n<aside class=\"relacionadas con-foto linea-1078\"><strong class=\"relacionadas-titulo-gral\">Noticias Relacionadas<\/strong><\/aside>\n<p>El desarrollo de la indagaci\u00f3n continu\u00f3 a lo largo del a\u00f1o 2020 desde el <strong>confinamiento sanitario<\/strong>, periodo utilizado para sistematizar los <strong>datos recabados <\/strong>sobre la biograf\u00eda del comunicador, cont\u00f3 el escritor en entrevista con <strong>Sergio Sarmiento <\/strong>y <strong>Lupita Ju\u00e1rez<\/strong>.<\/p>\n<figure class=\"image\"><img loading=\"lazy\" decoding=\"async\" alt=\"\" height=\"432\" src=\"https:\/\/heraldodemexico.com.mx\/u\/fotografias\/m\/2021\/7\/14\/f768x1-396074_396201_5050.jpg\" width=\"768\"\/>&#13;<figcaption>El periodista Manuel Buend\u00eda fue una de las figuras centrales del periodismo del siglo pasado en M\u00e9xico. FOTO: archivo.<\/figcaption>&#13;<br \/>\n<\/figure>\n<h2>\u00bfC\u00f3mo se escribi\u00f3 el libro sobre la muerte de Manuel Buend\u00eda?<\/h2>\n<p>La construcci\u00f3n del relato emplea una estructura narrativa en <strong>segunda persona <\/strong>del <strong>singular<\/strong>, un recurso t\u00e9cnico previamente ensayado por el autor en su primera novela titulada \u00ab<strong>Veinte de cobre<\/strong>\u00ab.<\/p>\n<p>Esta elecci\u00f3n <strong>estil\u00edstica <\/strong>busca establecer una <strong>interlocuci\u00f3n directa <\/strong>con la figura del periodista fallecido a trav\u00e9s del desarrollo de las escenas, las cuales se sit\u00faan inicialmente en el espacio de su oficina junto a sus colaboradores.<\/p>\n<p>El sustento de la obra proviene de <strong>m\u00faltiples entrevistas <\/strong>con personas que conocieron directamente al informador, entre ellos <strong>Miguel \u00c1ngel Granados Chapa<\/strong>, <strong>Miguel \u00c1ngel S\u00e1nchez de Armas<\/strong> y <strong>familiares <\/strong>del periodista.<\/p>\n<p>Los <strong>testimonios <\/strong>obtenidos permitieron delinear los <strong>rasgos <\/strong>del <strong>personaje<\/strong>, quien se caracterizaba por <strong>portar armas <\/strong>de <strong>fuego <\/strong>de manera constante desde su gesti\u00f3n al frente de la direcci\u00f3n de prensa.&#13;<br \/>\n&#13;<\/p>\n<figure class=\"image\"><img loading=\"lazy\" decoding=\"async\" alt=\"\" height=\"435\" src=\"https:\/\/heraldodemexico.com.mx\/u\/fotografias\/m\/2021\/7\/14\/f768x1-396277_396404_5050.jpg\" width=\"768\"\/>&#13;<figcaption>El comunicador fue asesinado alas afueras de su oficina. FOTO: archivo.<\/figcaption>&#13;<br \/>\n<\/figure>\n<p>&#13;<br \/>\n&#13;\n<\/p>\n<h2>A Manuel Buend\u00eda lo asesinaron por la espalda<\/h2>\n<p>El an\u00e1lisis de los hechos plantea que el <strong>homicidio <\/strong>fue una acci\u00f3n planificada por elementos de la <strong>Direcci\u00f3n Federal de Seguridad<\/strong>, quienes pose\u00edan conocimiento detallado de las actividades y habilidades de <strong>Buend\u00eda<\/strong>, incluyendo su pr\u00e1ctica de tiro junto a <strong>Jos\u00e9 Antonio Zorrilla<\/strong>.&#13;<br \/>\n&#13;\n<\/p>\n<p>Las indagaciones apuntan a que el operativo requiri\u00f3 la inmovilizaci\u00f3n de la <strong>v\u00edctima <\/strong>mediante el uso de su <strong>propia gabardina <\/strong>para ejecutar el ataque por la <strong>espalda<\/strong>.&#13;<br \/>\n&#13;\n<\/p>\n<p>Respecto al contexto pol\u00edtico del periodo, se se\u00f1ala la permanencia del secretario de Gobernaci\u00f3n, <strong>Manuel Bartlett<\/strong>, en su cargo entre 1982 y 1988 como el <strong>funcionario <\/strong>responsable del manejo de la situaci\u00f3n <strong>pol\u00edtico<\/strong>&#8211;<strong>social <\/strong>del pa\u00eds durante el sexenio en que aconteci\u00f3 el suceso.&#13;<br \/>\n&#13;\n<\/p>\n<p>\u00a0&#13;<br \/>\n&#13;\n<\/p>\n<p>\u00a0&#13;<br \/>\n&#13;<br \/>\n&#13;\n                                <\/p>\n<\/p><\/div>\n<p><script>\n    !function(f,b,e,v,n,t,s)\n    {if(f.fbq)return;n=f.fbq=function(){n.callMethod?\n    n.callMethod.apply(n,arguments):n.queue.push(arguments)};\n    if(!f._fbq)f._fbq=n;n.push=n;n.loaded=!0;n.version='2.0';\n    n.queue=[];t=b.createElement(e);t.async=!0;\n    t.src=v;s=b.getElementsByTagName(e)[0];\n    s.parentNode.insertBefore(t,s)}(window, document,'script',\n    'https:\/\/connect.facebook.net\/en_US\/fbevents.js');\n    fbq('init', '237927003583820');\n    fbq('track', 'PageView');\n  <\/script><br \/>\n<br \/><\/p>\n","protected":false},"excerpt":{"rendered":"<p>La reconstrucci\u00f3n de los hechos hist\u00f3ricos en torno al homicidio del periodista Manuel Buend\u00eda, ocurrido el 30 de mayo de 1984, se ha estructurado a trav\u00e9s de una investigaci\u00f3n documental y testimonial que dio origen a una obra de ficci\u00f3n basada en la realidad:\u00a0Operaci\u00f3n Noticia, una obra que Fritz Glockner tard\u00f3 cinco a\u00f1os en terminar [&hellip;]<\/p>\n","protected":false},"author":2,"featured_media":4650,"comment_status":"","ping_status":"","sticky":false,"template":"","format":"standard","meta":{"footnotes":""},"categories":[2],"tags":[],"class_list":["post-4649","post","type-post","status-publish","format-standard","has-post-thumbnail","hentry","category-local"],"_links":{"self":[{"href":"https:\/\/conexion-mx.com\/index.php?rest_route=\/wp\/v2\/posts\/4649","targetHints":{"allow":["GET"]}}],"collection":[{"href":"https:\/\/conexion-mx.com\/index.php?rest_route=\/wp\/v2\/posts"}],"about":[{"href":"https:\/\/conexion-mx.com\/index.php?rest_route=\/wp\/v2\/types\/post"}],"author":[{"embeddable":true,"href":"https:\/\/conexion-mx.com\/index.php?rest_route=\/wp\/v2\/users\/2"}],"replies":[{"embeddable":true,"href":"https:\/\/conexion-mx.com\/index.php?rest_route=%2Fwp%2Fv2%2Fcomments&post=4649"}],"version-history":[{"count":0,"href":"https:\/\/conexion-mx.com\/index.php?rest_route=\/wp\/v2\/posts\/4649\/revisions"}],"wp:featuredmedia":[{"embeddable":true,"href":"https:\/\/conexion-mx.com\/index.php?rest_route=\/wp\/v2\/media\/4650"}],"wp:attachment":[{"href":"https:\/\/conexion-mx.com\/index.php?rest_route=%2Fwp%2Fv2%2Fmedia&parent=4649"}],"wp:term":[{"taxonomy":"category","embeddable":true,"href":"https:\/\/conexion-mx.com\/index.php?rest_route=%2Fwp%2Fv2%2Fcategories&post=4649"},{"taxonomy":"post_tag","embeddable":true,"href":"https:\/\/conexion-mx.com\/index.php?rest_route=%2Fwp%2Fv2%2Ftags&post=4649"}],"curies":[{"name":"wp","href":"https:\/\/api.w.org\/{rel}","templated":true}]}}