{"id":4655,"date":"2026-06-29T19:58:59","date_gmt":"2026-06-30T00:58:59","guid":{"rendered":"https:\/\/conexion-mx.com\/?p=4655"},"modified":"2026-06-29T19:58:59","modified_gmt":"2026-06-30T00:58:59","slug":"alejandro-fernandez-revela-que-enfrenta-depresion-y-ansiedad","status":"publish","type":"post","link":"https:\/\/conexion-mx.com\/?p=4655","title":{"rendered":"Alejandro Fern\u00e1ndez revela que enfrenta depresi\u00f3n y ansiedad"},"content":{"rendered":"<p> <br \/>\n<\/p>\n<div itemprop=\"articleBody\">\n<div class=\"txt_contenido\">\n<p><strong>Alejandro Fern\u00e1ndez<\/strong> tuvo un encuentro con <strong>medios de comunicaci\u00f3n <\/strong>en el que habl\u00f3 del gran \u00e9xito que obtuvo en su reciente presentaci\u00f3n en <strong>La Minerva<\/strong>, en <strong>Guadalajara<\/strong>, donde reuni\u00f3 a m\u00e1s de 270 mil personas. Pero eso no fue todo: tambi\u00e9n declar\u00f3 que est\u00e1 cuidando su<strong> salud mental <\/strong>tras recibir un diagn\u00f3stico de <strong>ansiedad<\/strong> y <strong>depresi\u00f3n<\/strong>.<\/p>\n<p><strong>\u201cEl Potrillo\u201d<\/strong> dio a conocer que est\u00e1 priorizando su <strong>salud mental<\/strong> tras atravesar por diversos procesos relacionados con estos padecimientos y comparti\u00f3 c\u00f3mo visualiza sus planes a futuro junto a su <strong>familia<\/strong>, su <strong>carrera <\/strong>y su <strong>pareja sentimental<\/strong>. Asimismo, indic\u00f3 que se tomar\u00e1 unas <strong>vacaciones<\/strong> para hacer una pausa en su ardua agenda de trabajo.<\/p>\n<aside class=\"htmlinline\"\/>\n<p>\u201cDe repente uno sufre mucho de <strong>depresiones<\/strong> y de <strong>ansiedad<\/strong>\u201d, es parte de la declaraci\u00f3n de <strong>Alejandro Fern\u00e1ndez<\/strong>, quien tambi\u00e9n hizo saber a todos sus seguidores que est\u00e1 atendiendo este cuadro con especialistas y asegur\u00f3 que sigue al pie de la letra todas las indicaciones m\u00e9dicas para mejorar su<strong> salud mental<\/strong>.<\/p>\n<aside class=\"relacionadas con-foto linea-1078\"><strong class=\"relacionadas-titulo-gral\">Noticias Relacionadas<\/strong><\/aside>\n<blockquote><p>&#13;<\/p>\n<p>\u201cEs algo s\u00faper serio, muy importante y si sienten algo, alguna necesidad, que no les d\u00e9 pena, que se quiten esos tab\u00faes porque es s\u00faper serio. Yo creo que es de los problemas m\u00e1s fuertes que tenemos en M\u00e9xico\u201d, agreg\u00f3 en su declaraci\u00f3n el int\u00e9rprete de \u201cComo quien pierde una estrella\u201d.<\/p>\n<p>&#13;\n<\/p><\/blockquote>\n<p>\u00a0<\/p>\n<\/p><\/div>\n<\/p><\/div>\n<p><script>\n    !function(f,b,e,v,n,t,s)\n    {if(f.fbq)return;n=f.fbq=function(){n.callMethod?\n    n.callMethod.apply(n,arguments):n.queue.push(arguments)};\n    if(!f._fbq)f._fbq=n;n.push=n;n.loaded=!0;n.version='2.0';\n    n.queue=[];t=b.createElement(e);t.async=!0;\n    t.src=v;s=b.getElementsByTagName(e)[0];\n    s.parentNode.insertBefore(t,s)}(window, document,'script',\n    'https:\/\/connect.facebook.net\/en_US\/fbevents.js');\n    fbq('init', '237927003583820');\n    fbq('track', 'PageView');\n  <\/script><script>\n    !function(f,b,e,v,n,t,s)\n    {if(f.fbq)return;n=f.fbq=function(){n.callMethod?\n    n.callMethod.apply(n,arguments):n.queue.push(arguments)};\n    if(!f._fbq)f._fbq=n;n.push=n;n.loaded=!0;n.version='2.0';\n    n.queue=[];t=b.createElement(e);t.async=!0;\n    t.src=v;s=b.getElementsByTagName(e)[0];\n    s.parentNode.insertBefore(t,s)}(window, document,'script',\n    'https:\/\/connect.facebook.net\/en_US\/fbevents.js');\n    fbq('init', '775201487065840');\n    fbq('track', 'PageView');\n    <\/script><br \/>\n<br \/><\/p>\n","protected":false},"excerpt":{"rendered":"<p>Alejandro Fern\u00e1ndez tuvo un encuentro con medios de comunicaci\u00f3n en el que habl\u00f3 del gran \u00e9xito que obtuvo en su reciente presentaci\u00f3n en La Minerva, en Guadalajara, donde reuni\u00f3 a m\u00e1s de 270 mil personas. Pero eso no fue todo: tambi\u00e9n declar\u00f3 que est\u00e1 cuidando su salud mental tras recibir un diagn\u00f3stico de ansiedad y [&hellip;]<\/p>\n","protected":false},"author":2,"featured_media":4656,"comment_status":"","ping_status":"","sticky":false,"template":"","format":"standard","meta":{"footnotes":""},"categories":[2],"tags":[],"class_list":["post-4655","post","type-post","status-publish","format-standard","has-post-thumbnail","hentry","category-local"],"_links":{"self":[{"href":"https:\/\/conexion-mx.com\/index.php?rest_route=\/wp\/v2\/posts\/4655","targetHints":{"allow":["GET"]}}],"collection":[{"href":"https:\/\/conexion-mx.com\/index.php?rest_route=\/wp\/v2\/posts"}],"about":[{"href":"https:\/\/conexion-mx.com\/index.php?rest_route=\/wp\/v2\/types\/post"}],"author":[{"embeddable":true,"href":"https:\/\/conexion-mx.com\/index.php?rest_route=\/wp\/v2\/users\/2"}],"replies":[{"embeddable":true,"href":"https:\/\/conexion-mx.com\/index.php?rest_route=%2Fwp%2Fv2%2Fcomments&post=4655"}],"version-history":[{"count":0,"href":"https:\/\/conexion-mx.com\/index.php?rest_route=\/wp\/v2\/posts\/4655\/revisions"}],"wp:featuredmedia":[{"embeddable":true,"href":"https:\/\/conexion-mx.com\/index.php?rest_route=\/wp\/v2\/media\/4656"}],"wp:attachment":[{"href":"https:\/\/conexion-mx.com\/index.php?rest_route=%2Fwp%2Fv2%2Fmedia&parent=4655"}],"wp:term":[{"taxonomy":"category","embeddable":true,"href":"https:\/\/conexion-mx.com\/index.php?rest_route=%2Fwp%2Fv2%2Fcategories&post=4655"},{"taxonomy":"post_tag","embeddable":true,"href":"https:\/\/conexion-mx.com\/index.php?rest_route=%2Fwp%2Fv2%2Ftags&post=4655"}],"curies":[{"name":"wp","href":"https:\/\/api.w.org\/{rel}","templated":true}]}}