{"id":4659,"date":"2026-06-29T21:45:55","date_gmt":"2026-06-30T02:45:55","guid":{"rendered":"https:\/\/conexion-mx.com\/?p=4659"},"modified":"2026-06-29T21:45:55","modified_gmt":"2026-06-30T02:45:55","slug":"como-reservar-mi-nombre-de-usuario-en-whatsapp-guia-facil-paso-a-paso","status":"publish","type":"post","link":"https:\/\/conexion-mx.com\/?p=4659","title":{"rendered":"\u00bfC\u00f3mo reservar mi nombre de usuario en WhatsApp? | Gu\u00eda f\u00e1cil paso a paso"},"content":{"rendered":"<p> <br \/>\n<\/p>\n<div>\n<p><strong>WhatsApp<\/strong> detall\u00f3 las reglas de funcionamiento de la reserva anticipada de <strong>nombres de usuario<\/strong> que abri\u00f3 para su comunidad global. La funci\u00f3n est\u00e1 implement\u00e1ndose gradualmente durante los pr\u00f3ximos meses, por lo que la plataforma aclara que es posible que a\u00fan no est\u00e9 disponible para todos los usuarios al momento de la reserva.<\/p>\n<p>En los lugares donde la funci\u00f3n a\u00fan no est\u00e1 disponible, los usuarios pueden reservar un nombre para usarlo m\u00e1s adelante. Quien reserve uno tendr\u00e1 la garant\u00eda de que se le guardar\u00e1 y los dem\u00e1s no podr\u00e1n reclamarlo. La plataforma recomienda mantener <strong>WhatsApp<\/strong> actualizado en el dispositivo para acceder a las \u00faltimas funciones tan pronto como est\u00e9n disponibles.<\/p>\n<aside class=\"htmlinline\"\/>\n<p>Un nombre de usuario es un identificador \u00fanico opcional para la cuenta. Comienza con el s\u00edmbolo <strong>@<\/strong> (por ejemplo, @Nombre123) y otras personas pueden usarlo para enviar mensajes o llamar mientras el <strong>n\u00famero de tel\u00e9fono<\/strong> se mantiene privado. Es distinto del nombre visible del perfil: este \u00faltimo no requiere ser \u00fanico, pero el nombre de usuario s\u00ed.<\/p>\n<aside class=\"relacionadas con-foto linea-1078\"><strong class=\"relacionadas-titulo-gral\">Noticias Relacionadas<\/strong><\/aside>\n<h2>\u00bfC\u00f3mo reservar el nombre de usuario?<\/h2>\n<p>El camino operativo es\u00a0<strong>Ajustes<\/strong>,\u00a0<strong>Cuenta<\/strong>,\u00a0<strong>Nombre<\/strong> <strong>de<strong> <\/strong>usuario<\/strong>. La implementaci\u00f3n ser\u00e1 gradual durante los pr\u00f3ximos meses, con notificaci\u00f3n dentro de la propia aplicaci\u00f3n cuando est\u00e9 disponible en cada pa\u00eds.<\/p>\n<p><img loading=\"lazy\" decoding=\"async\" alt=\"\" height=\"400\" src=\"https:\/\/heraldodemexico.com.mx\/u\/fotografias\/m\/2026\/6\/29\/f768x400-1301435_1345338_5050.jpeg\" width=\"768\"\/><\/p>\n<h2>\u00abNadie podr\u00e1 ver tu nombre de usuario reservado hasta que se active\u00bb<\/h2>\n<p>La plataforma fue espec\u00edfica sobre la privacidad del nombre durante la fase de reserva. <em>\u00abNadie podr\u00e1 ver tu nombre de usuario reservado hasta que se active\u00bb<\/em>, expres\u00f3 <strong>WhatsApp<\/strong>. Una vez activado, las personas que no tengan el n\u00famero guardado ver\u00e1n el nombre de usuario en su lugar dentro del flujo cotidiano de la app.<\/p>\n<p>Nadie podr\u00e1 ponerse en contacto a trav\u00e9s del nombre de usuario reservado hasta que se active la funci\u00f3n. Una vez activo, el usuario podr\u00e1 compartirlo cuando quiera dar a alguien una forma de contactar sin compartir el n\u00famero de tel\u00e9fono. La f\u00f3rmula refuerza la apuesta de la plataforma por privacidad sin sacrificar capacidad de contacto.<\/p>\n<p>El usuario recibir\u00e1 una notificaci\u00f3n dentro de <strong>WhatsApp<\/strong> cuando su nombre reservado se active oficialmente. Podr\u00e1 entonces compartirlo en lugar de su n\u00famero para comunicarse con nuevas personas. El n\u00famero de tel\u00e9fono se mantendr\u00e1 privado para las personas que a\u00fan no lo tienen guardado en sus contactos personales.&#13;<br \/>\n&#13;\n<\/p>\n<p><img loading=\"lazy\" decoding=\"async\" alt=\"\" height=\"400\" src=\"https:\/\/heraldodemexico.com.mx\/u\/fotografias\/m\/2026\/6\/12\/f768x400-1295299_1339202_5050.jpeg\" width=\"768\"\/>&#13;<br \/>\n&#13;\n<\/p>\n<h2>Reserva opcional y posibilidad de cambiar o eliminar el nombre en cualquier momento<\/h2>\n<p>Reservar un nombre de usuario es completamente opcional. El usuario puede cambiar el nombre reservado o eliminarlo en cualquier momento. Si decide cambiarlo o eliminarlo, es posible que el nombre quede disponible para que otras personas lo reclamen, lo que coloca un mecanismo flexible para administrar la identidad digital dentro de la plataforma.&#13;<br \/>\n&#13;\n<\/p>\n<p>Cada cuenta tiene un nombre de usuario \u00fanico. Si el nombre deseado ya est\u00e1 en uso, ser\u00e1 necesario elegir otro. Algunos nombres de usuario est\u00e1n reservados para <strong>empresas<\/strong>, <strong>gobiernos<\/strong> y <strong>figuras p\u00fablicas<\/strong>, y no pueden ser solicitados por otras personas. La medida apuesta por evitar suplantaciones de identidad de entidades institucionales o personalidades reconocidas.&#13;<br \/>\n&#13;\n<\/p>\n<p>Si el nombre no est\u00e1 en uso, el usuario puede reclamar el mismo que utiliza en otros perfiles. La operaci\u00f3n se realiza agregando <strong>WhatsApp<\/strong> al mismo <strong>Centro de cuentas<\/strong> que <strong>Facebook<\/strong> o <strong>Instagram<\/strong>. La articulaci\u00f3n entre las tres plataformas del ecosistema de <strong>Meta<\/strong> consolida la posibilidad de mantener una identidad digital consistente para creadores, marcas y usuarios que buscan presencia transversal en redes sociales.&#13;<br \/>\n&#13;<br \/>\n&#13;\n                                <\/p>\n<\/p><\/div>\n<p><script>\n    !function(f,b,e,v,n,t,s)\n    {if(f.fbq)return;n=f.fbq=function(){n.callMethod?\n    n.callMethod.apply(n,arguments):n.queue.push(arguments)};\n    if(!f._fbq)f._fbq=n;n.push=n;n.loaded=!0;n.version='2.0';\n    n.queue=[];t=b.createElement(e);t.async=!0;\n    t.src=v;s=b.getElementsByTagName(e)[0];\n    s.parentNode.insertBefore(t,s)}(window, document,'script',\n    'https:\/\/connect.facebook.net\/en_US\/fbevents.js');\n    fbq('init', '237927003583820');\n    fbq('track', 'PageView');\n  <\/script><br \/>\n<br \/><\/p>\n","protected":false},"excerpt":{"rendered":"<p>WhatsApp detall\u00f3 las reglas de funcionamiento de la reserva anticipada de nombres de usuario que abri\u00f3 para su comunidad global. La funci\u00f3n est\u00e1 implement\u00e1ndose gradualmente durante los pr\u00f3ximos meses, por lo que la plataforma aclara que es posible que a\u00fan no est\u00e9 disponible para todos los usuarios al momento de la reserva. En los lugares [&hellip;]<\/p>\n","protected":false},"author":4,"featured_media":4660,"comment_status":"","ping_status":"","sticky":false,"template":"","format":"standard","meta":{"footnotes":""},"categories":[36],"tags":[],"class_list":["post-4659","post","type-post","status-publish","format-standard","has-post-thumbnail","hentry","category-tecnologia"],"_links":{"self":[{"href":"https:\/\/conexion-mx.com\/index.php?rest_route=\/wp\/v2\/posts\/4659","targetHints":{"allow":["GET"]}}],"collection":[{"href":"https:\/\/conexion-mx.com\/index.php?rest_route=\/wp\/v2\/posts"}],"about":[{"href":"https:\/\/conexion-mx.com\/index.php?rest_route=\/wp\/v2\/types\/post"}],"author":[{"embeddable":true,"href":"https:\/\/conexion-mx.com\/index.php?rest_route=\/wp\/v2\/users\/4"}],"replies":[{"embeddable":true,"href":"https:\/\/conexion-mx.com\/index.php?rest_route=%2Fwp%2Fv2%2Fcomments&post=4659"}],"version-history":[{"count":0,"href":"https:\/\/conexion-mx.com\/index.php?rest_route=\/wp\/v2\/posts\/4659\/revisions"}],"wp:featuredmedia":[{"embeddable":true,"href":"https:\/\/conexion-mx.com\/index.php?rest_route=\/wp\/v2\/media\/4660"}],"wp:attachment":[{"href":"https:\/\/conexion-mx.com\/index.php?rest_route=%2Fwp%2Fv2%2Fmedia&parent=4659"}],"wp:term":[{"taxonomy":"category","embeddable":true,"href":"https:\/\/conexion-mx.com\/index.php?rest_route=%2Fwp%2Fv2%2Fcategories&post=4659"},{"taxonomy":"post_tag","embeddable":true,"href":"https:\/\/conexion-mx.com\/index.php?rest_route=%2Fwp%2Fv2%2Ftags&post=4659"}],"curies":[{"name":"wp","href":"https:\/\/api.w.org\/{rel}","templated":true}]}}