{"id":4677,"date":"2026-07-01T13:13:18","date_gmt":"2026-07-01T18:13:18","guid":{"rendered":"https:\/\/conexion-mx.com\/?p=4677"},"modified":"2026-07-01T13:13:18","modified_gmt":"2026-07-01T18:13:18","slug":"el-fic-con-mas-escenarios-y-mas-espectaculos","status":"publish","type":"post","link":"https:\/\/conexion-mx.com\/?p=4677","title":{"rendered":"El FIC con m\u00e1s escenarios y m\u00e1s espect\u00e1culos"},"content":{"rendered":"<p> <br \/>\n<\/p>\n<div>\n<p>La <strong>54 edici\u00f3n del Festival Internacional Cervantino (FIC)<\/strong> apuesta por ampliar su alcance y fortalecer la circulaci\u00f3n art\u00edstica. Con un incremento de 32 a 55 millones de pesos en el presupuesto destinado a la programaci\u00f3n art\u00edstica respecto al a\u00f1o anterior, el encuentro impulsa una estrategia de descentralizaci\u00f3n cultural que busca llevar sus actividades m\u00e1s all\u00e1 de Guanajuato y fortalecer la presencia de artistas nacionales e internacionales en distintas regiones del pa\u00eds.<\/p>\n<blockquote><p>&#13;<\/p>\n<p>\u00abEl incremento al presupuesto tiene su impacto m\u00e1s significativo en los circuitos nacionales y recintos de la Secretar\u00eda de Cultura, ya que fortalece los procesos de formaci\u00f3n, circulaci\u00f3n art\u00edstica y descentralizaci\u00f3n de la cultura\u00bb, explica <strong>Valeria Palomino<\/strong>, directora de Programaci\u00f3n y Festivales Culturales de la Secretar\u00eda de Cultura.<\/p>\n<aside class=\"htmlinline\"\/>&#13;\n<\/p><\/blockquote>\n<p>En la presentaci\u00f3n de esta edici\u00f3n, la funcionaria detalla que uno de los principales ejes es el Circuito Cervantino, que lleva m\u00e1s de 100 actividades a 13 estados, as\u00ed como el programa M\u00e1s all\u00e1 de Guanajuato, que proyecta espect\u00e1culos del festival en espacios comunitarios para acercarlos a p\u00fablicos que no pueden trasladarse hasta la ciudad sede.<\/p>\n<blockquote><p>&#13;<\/p>\n<p>\u00abLa intenci\u00f3n es que la programaci\u00f3n no viva de manera aislada, sino que dialogue con una red de espacios p\u00fablicos, festivales, instituciones y comunidades art\u00edsticas que ampl\u00edan las posibilidades de encuentro entre creadoras, creadores y p\u00fablicos\u00bb, dice Palomino, quien se\u00f1ala que a esta estrategia se suman recintos como <strong>Los Pinos y el Centro Nacional de las Artes (Cenart).<\/strong><\/p>\n<p>&#13;\n<\/p><\/blockquote>\n<p>Por su parte, la secretaria de Cultura Federal, Claudia Curiel de Icaza, explica que esta edici\u00f3n rompe con una de las tradiciones del festival, ya que, por primera vez, no hay un estado invitado, en su lugar, dice, las 32 entidades del pa\u00eds forman parte de la programaci\u00f3n nacional \u00abcon la intenci\u00f3n de ofrecer una representaci\u00f3n m\u00e1s amplia de la diversidad cultural de M\u00e9xico\u00bb.<\/p>\n<blockquote><p>&#13;<\/p>\n<p>\u201cEl modelo anterior lleg\u00f3 a un punto de agotamiento, pues reduc\u00eda la representaci\u00f3n nacional a una sola entidad y limitaba la participaci\u00f3n del resto del pa\u00eds. Adem\u00e1s, para que vean un estado nuevo ten\u00edan que esperar 32 a\u00f1os\u00bb, explica.<\/p>\n<p>&#13;\n<\/p><\/blockquote>\n<p>Bajo esta l\u00f3gica, comparte, el Cervantino presenta una diversidad de propuestas que van desde m\u00fasica tradicional y sinf\u00f3nica hasta teatro, danza, creaci\u00f3n contempor\u00e1nea y proyectos independientes.<\/p>\n<p>La programaci\u00f3n nacional incluye el homenaje que ofrece el tenor sonorense Arturo Chac\u00f3n a Jos\u00e9 Alfredo Jim\u00e9nez, acompa\u00f1ado por el Mariachi Gama 1000; el Ensamble SAFA de Percusiones de Sinaloa; La Noche Michoacana, que re\u00fane tradici\u00f3n pur\u00e9pecha, danza y videocreaci\u00f3n y la Gala Yucateca con la Orquesta T\u00edpica de Yucat\u00e1n, por mencionar algunas.&#13;<br \/>\n&#13;\n<\/p>\n<blockquote><p>&#13;<\/p>\n<p>\u00abQuer\u00edamos hablar de un M\u00e9xico diverso, tradicional y contempor\u00e1neo. Era importante que la escena nacional de los artistas independientes tambi\u00e9n formara parte del gran programa del Cervantino\u00bb, comenta Curiel de Icaza.&#13;\n<\/p>\n<\/blockquote>\n<p>Como estado anfitri\u00f3n, Guanajuato presenta Levante y Alisio, con Ang\u00e9lica Retana Ramos, Philippe Cuper y la Banda de M\u00fasica del Estado; los Recorridos literarios, de Amaranta Caballero y un homenaje a Mar\u00eda Grever.&#13;<br \/>\n&#13;\n<\/p>\n<p>Otro de los ejes de esta edici\u00f3n, puntualiza, es la colaboraci\u00f3n entre el Instituto Nacional de Bellas Artes y Literatura (INBAL), el Gobierno de Guanajuato y la Universidad Nacional Aut\u00f3noma de M\u00e9xico (UNAM), \u201cuna alianza que permite articular distintos lenguajes art\u00edsticos\u201d.&#13;<br \/>\n&#13;\n<\/p>\n<blockquote><p>&#13;<\/p>\n<p>\u00abNunca antes hab\u00eda habido tanta colaboraci\u00f3n institucional entre cuerpos art\u00edsticos. S\u00ed implica mucho trabajo, pero hoy articula \u00f3pera, m\u00fasica sinf\u00f3nica, teatro, danza y creaci\u00f3n contempor\u00e1nea\u00bb, destaca.&#13;\n<\/p>\n<\/blockquote>\n<p>En el \u00e1mbito internacional, el Cervantino re\u00fane artistas de 29 pa\u00edses, por lo que la inauguraci\u00f3n est\u00e1 a cargo de Mike Patton, quien presenta Mondo Cane, proyecto que re\u00fane influencias musicales de Estados Unidos, Italia y M\u00e9xico, en la Alh\u00f3ndiga de Granaditas.&#13;<br \/>\n&#13;\n<\/p>\n<p>La presencia internacional se fortalece con la participaci\u00f3n de Francia como pa\u00eds invitado de honor, que para esta edici\u00f3n presenta a creadores y agrupaciones de distintas disciplinas como el Teatro Nacional de la Danza, el Ensamble Pigmali\u00f3n, entre otros.&#13;<br \/>\n&#13;\n<\/p>\n<p>Mientras que en las nuevas voces destaca\u00a0la artista tijuanense Jackie Mendoza, vinculada a la m\u00fasica electr\u00f3nica y experimental; la cantante oaxaque\u00f1a Natalia Cruz, representante de una nueva generaci\u00f3n de int\u00e9rpretes de ra\u00edz tradicional; proyectos internacionales como la Dabeull Live Bandde Francia, enfocada en p\u00fablicos j\u00f3venes desde los sonidos electr\u00f3nicos, y la core\u00f3grafa uruguaya Tamara Cubas quien explora nuevas formas de danza y escena contempor\u00e1nea.&#13;<br \/>\n&#13;\n<\/p>\n<p>La 54 edici\u00f3n del FIC cuenta con 212 funciones, m\u00e1s de 90 compa\u00f1\u00edas y la participaci\u00f3n de dos mil 746 artistas.&#13;<br \/>\n&#13;\n<\/p>\n<blockquote><p>&#13;<\/p>\n<p>\u00abQueremos que el Cervantino tenga un sello como festival internacional, pero tambi\u00e9n sea enunciado desde la diversidad nacional\u00bb, concluye Claudia Curiel de Icaza.&#13;\n<\/p>\n<\/blockquote>\n<p>\u00a0&#13;<br \/>\n&#13;\n<\/p>\n<h2><strong>A DETALLE<\/strong><\/h2>\n<ul>&#13;<\/p>\n<li>Se incorporan artistas emergentes de Guanajuato y nuevas propuestas que buscan acercarse a p\u00fablicos j\u00f3venes.<\/li>\n<p>&#13;<\/p>\n<li>La programaci\u00f3n internacional re\u00fane a artistas de 29 pa\u00edses, con figuras como la Camerata de Salzburgo de Austria, la violinista espa\u00f1ola Mar\u00eda Due\u00f1as, el Ensemble Modern de Alemania, la core\u00f3grafa uruguaya Tamara Cubas y la Compa\u00f1\u00eda Antonio Gades de Espa\u00f1a.<\/li>\n<p>&#13;<\/p>\n<li>El festival fortalece la colaboraci\u00f3n institucional con producciones como Tosca, de Giacomo Puccini, a cargo de la Compa\u00f1\u00eda Nacional de \u00d3pera; Misantrop\u00edas, de H\u00e9ctor Mendoza, dirigida por Luis de Tavira; y comisiones para j\u00f3venes compositores.<\/li>\n<p>&#13;<\/p>\n<li>Participan creadores de Argentina, Austria, Australia, Brasil, Canad\u00e1, Chile, Colombia, Corea del Sur, Cuba, Egipto, Finlandia, Gales, Guatemala, Indonesia, Jap\u00f3n, Lituania, Nigeria, Per\u00fa, Portugal, Reino Unido, Senegal, Suiza y Uruguay.<\/li>\n<p>&#13;\n<\/ul>\n<p>\u00a0&#13;<br \/>\n&#13;\n<\/p>\n<p>&#13;<br \/>\nCORTES\u00cdA&#13;<br \/>\n&#13;\n<\/p>\n<p>MAAZ&#13;<br \/>\n&#13;\n<\/p>\n<p>\u00a0&#13;<br \/>\n&#13;<br \/>\n&#13;\n                                <\/p>\n<\/p><\/div>\n<p><script>\n    !function(f,b,e,v,n,t,s)\n    {if(f.fbq)return;n=f.fbq=function(){n.callMethod?\n    n.callMethod.apply(n,arguments):n.queue.push(arguments)};\n    if(!f._fbq)f._fbq=n;n.push=n;n.loaded=!0;n.version='2.0';\n    n.queue=[];t=b.createElement(e);t.async=!0;\n    t.src=v;s=b.getElementsByTagName(e)[0];\n    s.parentNode.insertBefore(t,s)}(window, document,'script',\n    'https:\/\/connect.facebook.net\/en_US\/fbevents.js');\n    fbq('init', '237927003583820');\n    fbq('track', 'PageView');\n  <\/script><br \/>\n<br \/><\/p>\n","protected":false},"excerpt":{"rendered":"<p>La 54 edici\u00f3n del Festival Internacional Cervantino (FIC) apuesta por ampliar su alcance y fortalecer la circulaci\u00f3n art\u00edstica. Con un incremento de 32 a 55 millones de pesos en el presupuesto destinado a la programaci\u00f3n art\u00edstica respecto al a\u00f1o anterior, el encuentro impulsa una estrategia de descentralizaci\u00f3n cultural que busca llevar sus actividades m\u00e1s all\u00e1 [&hellip;]<\/p>\n","protected":false},"author":2,"featured_media":4678,"comment_status":"","ping_status":"","sticky":false,"template":"","format":"standard","meta":{"footnotes":""},"categories":[2],"tags":[],"class_list":["post-4677","post","type-post","status-publish","format-standard","has-post-thumbnail","hentry","category-local"],"_links":{"self":[{"href":"https:\/\/conexion-mx.com\/index.php?rest_route=\/wp\/v2\/posts\/4677","targetHints":{"allow":["GET"]}}],"collection":[{"href":"https:\/\/conexion-mx.com\/index.php?rest_route=\/wp\/v2\/posts"}],"about":[{"href":"https:\/\/conexion-mx.com\/index.php?rest_route=\/wp\/v2\/types\/post"}],"author":[{"embeddable":true,"href":"https:\/\/conexion-mx.com\/index.php?rest_route=\/wp\/v2\/users\/2"}],"replies":[{"embeddable":true,"href":"https:\/\/conexion-mx.com\/index.php?rest_route=%2Fwp%2Fv2%2Fcomments&post=4677"}],"version-history":[{"count":0,"href":"https:\/\/conexion-mx.com\/index.php?rest_route=\/wp\/v2\/posts\/4677\/revisions"}],"wp:featuredmedia":[{"embeddable":true,"href":"https:\/\/conexion-mx.com\/index.php?rest_route=\/wp\/v2\/media\/4678"}],"wp:attachment":[{"href":"https:\/\/conexion-mx.com\/index.php?rest_route=%2Fwp%2Fv2%2Fmedia&parent=4677"}],"wp:term":[{"taxonomy":"category","embeddable":true,"href":"https:\/\/conexion-mx.com\/index.php?rest_route=%2Fwp%2Fv2%2Fcategories&post=4677"},{"taxonomy":"post_tag","embeddable":true,"href":"https:\/\/conexion-mx.com\/index.php?rest_route=%2Fwp%2Fv2%2Ftags&post=4677"}],"curies":[{"name":"wp","href":"https:\/\/api.w.org\/{rel}","templated":true}]}}