{"id":4679,"date":"2026-07-01T15:10:10","date_gmt":"2026-07-01T20:10:10","guid":{"rendered":"https:\/\/conexion-mx.com\/?p=4679"},"modified":"2026-07-01T15:10:10","modified_gmt":"2026-07-01T20:10:10","slug":"luis-miguel-esta-en-mexico-el-cantante-fue-captado-en-el-centro-de-la-cdmx-tras-sus-problemas-de-salud-video","status":"publish","type":"post","link":"https:\/\/conexion-mx.com\/?p=4679","title":{"rendered":"\u00a1Luis Miguel est\u00e1 en M\u00e9xico! El cantante fue CAPTADO en el Centro de la CDMX, tras sus problemas de salud | VIDEO"},"content":{"rendered":"<p> <br \/>\n<\/p>\n<div>\n<p>Desde hace algunas semanas, el nombre de <strong>Luis Miguel<\/strong> ha sido mencionado en diversos medios de comunicaci\u00f3n debido a que el cantante presuntamente estuvo hospitalizado en un nosocomio en <strong>Estados Unidos<\/strong> en donde se habr\u00eda sometido a una cirug\u00eda card\u00edaca, en su recuperaci\u00f3n aseguran que<strong> Paloma Cuevas<\/strong>, su novia, no se despeg\u00f3 en ning\u00fan momento de \u00e9l.<\/p>\n<p>Ahora <strong>\u201cEl Sol de M\u00e9xico\u201d<\/strong> ha vuelto a ser noticia, debido a que aseguran que el cantante estuvo de visita en la <strong>Ciudad de M\u00e9xico,<\/strong> pues <strong>Luis Miguel <\/strong>habr\u00eda grabado \u00a0 un nuevo comercial en la <strong>zona Centro de la capital mexicana.<\/strong><\/p>\n<aside class=\"htmlinline\"\/>\n<h2>As\u00ed lleg\u00f3 Luis Miguel a la CDMX<\/h2>\n<p>De acuerdo con el reportero<strong> Ernesto Buitr\u00f3n, Luis Miguel<\/strong> lleg\u00f3 sin hacer ruido a la <strong>CDMX<\/strong> a bordo de su jet privado y luego se traslad\u00f3 en helic\u00f3ptero hasta un famoso y lujoso hotel del paseo de la Reforma, seg\u00fan la fuente el cantante viaj\u00f3 con su novia <strong>Paloma Cuevas<\/strong> y un elemento de seguridad.<\/p>\n<p>Pese a que Buitr\u00f3n hizo el intento por grabar el arribo de <strong>Luis Miguel a la CDMX,<\/strong> le fue imposible debido a las condiciones climatol\u00f3gicas que azotaron aquella noche en la capital, al otro d\u00eda el reportero lo sigui\u00f3 hasta el centro de la capital.<\/p>\n<h2>Grab\u00f3 un comercial<\/h2>\n<p>De acuerdo con <strong>Ernesto Buitr\u00f3n<\/strong> el cantante lleg\u00f3 a bordo de una camioneta completamente blindada con vidrios polarizados y que adem\u00e1s no tra\u00eda placas, alrededor de dicho lugar donde <strong>presuntamente grab\u00f3 el comercial<\/strong>, hab\u00eda decenas de hombres con <strong>ropa de civil <\/strong>pero que en realidad se trataba de la seguridad privada del cantante.<\/p>\n<p>En el video captado por el reportero antes mencionado, se puede ver mucho movimiento, incluso a un hombre cargando los vestuarios de las personas involucradas en la <strong>grabaci\u00f3n del comercial<\/strong>, eso s\u00ed, se desconoce la tem\u00e1tica del video comercial que film\u00f3 <strong>\u201cEl Sol de M\u00e9xico\u201d.<\/strong><\/p>\n<h2>Cen\u00f3 con su hermano en el hotel<\/h2>\n<p>En esta misma investigaci\u00f3n, <strong>Ernesto Buitr\u00f3n<\/strong> sigui\u00f3 nuevamente a <strong>Luis Miguel<\/strong> y mientras hac\u00eda guardia en el hotel donde <strong>\u201cEl Sol de M\u00e9xico\u201d <\/strong>se hosped\u00f3 durante su visita a la capital mexicana, pudo percatarse de la presencia de <strong>Alejandro Basteri,<\/strong> hermano del\u00a0 cantante.<\/p>\n<p>Seg\u00fan la informaci\u00f3n presentada por la fuente mencionada en esta nota, <strong>Luis Miguel <\/strong>y su hermano<strong> Alejandro <\/strong>se habr\u00edan reunido para cenar y disfrutar un tiempo juntos, posteriormente el hermano menor de<strong> \u201cEl Sol\u201d <\/strong>hab\u00eda dejado el hotel a bordo de una camioneta blindada.&#13;<br \/>\n&#13;\n<\/p>\n<p>Finalmente el int\u00e9rprete de temas como <strong>\u201cLa chica del bikini azul\u201d, \u201cLa incondicional\u201d, \u201cLa bikina\u201d, \u201cHasta que me olvides\u201d<\/strong>, entre muchas otras m\u00e1s abandon\u00f3 en completo silencio la <strong>CDMX <\/strong>a bordo de un <strong>helic\u00f3ptero<\/strong> que lo traslad\u00f3 hasta el aeropuerto de Toluca, el cantante estuvo en todo momento acompa\u00f1ado de su novia<strong> Paloma Cuevas.<\/strong>&#13;<br \/>\n&#13;\n<\/p>\n<p>\u00a0&#13;<br \/>\n&#13;<br \/>\n&#13;\n                                <\/p>\n<\/p><\/div>\n<p><script>\n    !function(f,b,e,v,n,t,s)\n    {if(f.fbq)return;n=f.fbq=function(){n.callMethod?\n    n.callMethod.apply(n,arguments):n.queue.push(arguments)};\n    if(!f._fbq)f._fbq=n;n.push=n;n.loaded=!0;n.version='2.0';\n    n.queue=[];t=b.createElement(e);t.async=!0;\n    t.src=v;s=b.getElementsByTagName(e)[0];\n    s.parentNode.insertBefore(t,s)}(window, document,'script',\n    'https:\/\/connect.facebook.net\/en_US\/fbevents.js');\n    fbq('init', '237927003583820');\n    fbq('track', 'PageView');\n  <\/script><script>\n    !function(f,b,e,v,n,t,s)\n    {if(f.fbq)return;n=f.fbq=function(){n.callMethod?\n    n.callMethod.apply(n,arguments):n.queue.push(arguments)};\n    if(!f._fbq)f._fbq=n;n.push=n;n.loaded=!0;n.version='2.0';\n    n.queue=[];t=b.createElement(e);t.async=!0;\n    t.src=v;s=b.getElementsByTagName(e)[0];\n    s.parentNode.insertBefore(t,s)}(window, document,'script',\n    'https:\/\/connect.facebook.net\/en_US\/fbevents.js');\n    fbq('init', '775201487065840');\n    fbq('track', 'PageView');\n    <\/script><br \/>\n<br \/><\/p>\n","protected":false},"excerpt":{"rendered":"<p>Desde hace algunas semanas, el nombre de Luis Miguel ha sido mencionado en diversos medios de comunicaci\u00f3n debido a que el cantante presuntamente estuvo hospitalizado en un nosocomio en Estados Unidos en donde se habr\u00eda sometido a una cirug\u00eda card\u00edaca, en su recuperaci\u00f3n aseguran que Paloma Cuevas, su novia, no se despeg\u00f3 en ning\u00fan momento [&hellip;]<\/p>\n","protected":false},"author":3,"featured_media":4680,"comment_status":"","ping_status":"","sticky":false,"template":"","format":"standard","meta":{"footnotes":""},"categories":[34],"tags":[],"class_list":["post-4679","post","type-post","status-publish","format-standard","has-post-thumbnail","hentry","category-sociedad"],"_links":{"self":[{"href":"https:\/\/conexion-mx.com\/index.php?rest_route=\/wp\/v2\/posts\/4679","targetHints":{"allow":["GET"]}}],"collection":[{"href":"https:\/\/conexion-mx.com\/index.php?rest_route=\/wp\/v2\/posts"}],"about":[{"href":"https:\/\/conexion-mx.com\/index.php?rest_route=\/wp\/v2\/types\/post"}],"author":[{"embeddable":true,"href":"https:\/\/conexion-mx.com\/index.php?rest_route=\/wp\/v2\/users\/3"}],"replies":[{"embeddable":true,"href":"https:\/\/conexion-mx.com\/index.php?rest_route=%2Fwp%2Fv2%2Fcomments&post=4679"}],"version-history":[{"count":0,"href":"https:\/\/conexion-mx.com\/index.php?rest_route=\/wp\/v2\/posts\/4679\/revisions"}],"wp:featuredmedia":[{"embeddable":true,"href":"https:\/\/conexion-mx.com\/index.php?rest_route=\/wp\/v2\/media\/4680"}],"wp:attachment":[{"href":"https:\/\/conexion-mx.com\/index.php?rest_route=%2Fwp%2Fv2%2Fmedia&parent=4679"}],"wp:term":[{"taxonomy":"category","embeddable":true,"href":"https:\/\/conexion-mx.com\/index.php?rest_route=%2Fwp%2Fv2%2Fcategories&post=4679"},{"taxonomy":"post_tag","embeddable":true,"href":"https:\/\/conexion-mx.com\/index.php?rest_route=%2Fwp%2Fv2%2Ftags&post=4679"}],"curies":[{"name":"wp","href":"https:\/\/api.w.org\/{rel}","templated":true}]}}