{"id":4705,"date":"2026-07-03T22:32:02","date_gmt":"2026-07-04T03:32:02","guid":{"rendered":"https:\/\/conexion-mx.com\/?p=4705"},"modified":"2026-07-03T22:32:02","modified_gmt":"2026-07-04T03:32:02","slug":"ulises-mejia-avanza-en-zacatecas-para-defender-la-soberania-nacional-y-alimentaria","status":"publish","type":"post","link":"https:\/\/conexion-mx.com\/?p=4705","title":{"rendered":"Ulises Mej\u00eda avanza en Zacatecas para defender la soberan\u00eda nacional y alimentaria"},"content":{"rendered":"<p> <br \/>\n<\/p>\n<div>\n<p>El <strong>proceso interno para definir al coordinador <\/strong>en defensa de la transformaci\u00f3n y de la soberan\u00eda nacional en <strong>Zacatecas<\/strong> avanza tras el <strong>cierre de los registros de aspirantes<\/strong>. <strong>Ulises Mej\u00eda Haro<\/strong>, diputado federal electo, confirm\u00f3 en entrevista para <strong>El Heraldo Televisi\u00f3n <\/strong>durante el programa \u00abRep\u00fablica H\u00bb que un total de <strong>siete compa\u00f1eras y compa\u00f1eros completaron su registro en tiempo y forma<\/strong> para la entidad, como parte de la convocatoria abierta durante una semana en los 17 estados donde se disputan estos perfiles.<\/p>\n<p>Tras la conclusi\u00f3n de esta etapa, Mej\u00eda Haro se\u00f1al\u00f3 que se encuentra <strong>realizando recorridos informativos en el territorio para llevar el mensaje a simpatizantes y militantes<\/strong> de la coalici\u00f3n conformada por Morena, el Partido del Trabajo y el Partido Verde Ecologista de M\u00e9xico. El objetivo de estas asambleas es<strong> informar sobre los avances del proyecto que encabeza la presidenta Claudia Sheinbaum<\/strong>, en el denominado segundo piso de la Cuarta Transformaci\u00f3n, as\u00ed como analizar los retos que se avecinan para el estado.<\/p>\n<aside class=\"htmlinline\"\/>\n<h2>\u00bfC\u00f3mo ser\u00e1 el m\u00e9todo interno de selecci\u00f3n de Morena?<\/h2>\n<p>El diputado explic\u00f3 que una vez concluido el proceso a nivel nacional, <strong>la Comisi\u00f3n Nacional de Elecciones de Morena <\/strong>proceder\u00e1 a la <strong>realizaci\u00f3n de una encuesta interna<\/strong>. <strong>Este ejercicio se llevar\u00e1 a cabo de manera presencial<\/strong>, mediante visitas casa por casa, con una muestra superior a las mil entrevistas en viviendas. <strong>El instrumento medir\u00e1 cuatro atributos espec\u00edficos entre los aspirantes<\/strong>: la cercan\u00eda con la ciudadan\u00eda, la honestidad, el conocimiento sobre el estado y el nivel de cumplimiento de sus compromisos.<\/p>\n<blockquote><p>&#13;<\/p>\n<p>Quien logre obtener los 10 puntos de los 10 disponibles, pues ser\u00eda designado pr\u00e1cticamente coordinador en defensa de la transformaci\u00f3n y de la soberan\u00eda nacional, o bien quien obtenga la mayor parte de esos 10 puntos\u00bb, afirm\u00f3.<\/p>\n<p>&#13;\n<\/p><\/blockquote>\n<p>Asimismo, el aspirante detall\u00f3 que <strong>se evaluar\u00e1 el saldo de opini\u00f3n, el cual determina si el conocimiento que tiene la poblaci\u00f3n sobre el perfil es positivo o negativo<\/strong>. Cada uno de estos rubros cuenta con puntajes espec\u00edficos dentro de la metodolog\u00eda del partido.<\/p>\n<p>Al ser cuestionado sobre las mediciones publicadas por diversas casas encuestadoras que lo posicionan en las preferencias, Mej\u00eda Haro <strong>agradeci\u00f3 la confianza de la ciudadan\u00eda y atribuy\u00f3 los n\u00fameros al trabajo continuo desempe\u00f1ado en la entidad<\/strong>. Record\u00f3 su gesti\u00f3n como alcalde de la capital zacatecana en el periodo 2018-2021, as\u00ed como su papel como coordinador estatal del proceso interno que encabez\u00f3 Claudia Sheinbaum.<\/p>\n<p>Entre los desaf\u00edos principales para Zacatecas, <strong>el diputado subray\u00f3 la necesidad de mantener la unidad con los partidos aliados y priorizar la soberan\u00eda alimentaria y energ\u00e9tica<\/strong>, evitando la dependencia de gobiernos extranjeros en granos b\u00e1sicos y combustibles. En el \u00e1mbito local, destac\u00f3 que la poblaci\u00f3n demanda de manera recurrente mayor <strong>seguridad<\/strong>, mejoramiento de los tramos carreteros, certidumbre para el magisterio y apoyo directo al campo, sector fundamental para la econom\u00eda del estado.<\/p>\n<\/p><\/div>\n<p><script>\n    !function(f,b,e,v,n,t,s)\n    {if(f.fbq)return;n=f.fbq=function(){n.callMethod?\n    n.callMethod.apply(n,arguments):n.queue.push(arguments)};\n    if(!f._fbq)f._fbq=n;n.push=n;n.loaded=!0;n.version='2.0';\n    n.queue=[];t=b.createElement(e);t.async=!0;\n    t.src=v;s=b.getElementsByTagName(e)[0];\n    s.parentNode.insertBefore(t,s)}(window, document,'script',\n    'https:\/\/connect.facebook.net\/en_US\/fbevents.js');\n    fbq('init', '237927003583820');\n    fbq('track', 'PageView');\n  <\/script><script>\n    !function(f,b,e,v,n,t,s)\n    {if(f.fbq)return;n=f.fbq=function(){n.callMethod?\n    n.callMethod.apply(n,arguments):n.queue.push(arguments)};\n    if(!f._fbq)f._fbq=n;n.push=n;n.loaded=!0;n.version='2.0';\n    n.queue=[];t=b.createElement(e);t.async=!0;\n    t.src=v;s=b.getElementsByTagName(e)[0];\n    s.parentNode.insertBefore(t,s)}(window, document,'script',\n    'https:\/\/connect.facebook.net\/en_US\/fbevents.js');\n    fbq('init', '802372280934901');\n    fbq('track', 'PageView');\n    <\/script><br \/>\n<br \/><\/p>\n","protected":false},"excerpt":{"rendered":"<p>El proceso interno para definir al coordinador en defensa de la transformaci\u00f3n y de la soberan\u00eda nacional en Zacatecas avanza tras el cierre de los registros de aspirantes. Ulises Mej\u00eda Haro, diputado federal electo, confirm\u00f3 en entrevista para El Heraldo Televisi\u00f3n durante el programa \u00abRep\u00fablica H\u00bb que un total de siete compa\u00f1eras y compa\u00f1eros completaron [&hellip;]<\/p>\n","protected":false},"author":2,"featured_media":4706,"comment_status":"","ping_status":"","sticky":false,"template":"","format":"standard","meta":{"footnotes":""},"categories":[2],"tags":[],"class_list":["post-4705","post","type-post","status-publish","format-standard","has-post-thumbnail","hentry","category-local"],"_links":{"self":[{"href":"https:\/\/conexion-mx.com\/index.php?rest_route=\/wp\/v2\/posts\/4705","targetHints":{"allow":["GET"]}}],"collection":[{"href":"https:\/\/conexion-mx.com\/index.php?rest_route=\/wp\/v2\/posts"}],"about":[{"href":"https:\/\/conexion-mx.com\/index.php?rest_route=\/wp\/v2\/types\/post"}],"author":[{"embeddable":true,"href":"https:\/\/conexion-mx.com\/index.php?rest_route=\/wp\/v2\/users\/2"}],"replies":[{"embeddable":true,"href":"https:\/\/conexion-mx.com\/index.php?rest_route=%2Fwp%2Fv2%2Fcomments&post=4705"}],"version-history":[{"count":0,"href":"https:\/\/conexion-mx.com\/index.php?rest_route=\/wp\/v2\/posts\/4705\/revisions"}],"wp:featuredmedia":[{"embeddable":true,"href":"https:\/\/conexion-mx.com\/index.php?rest_route=\/wp\/v2\/media\/4706"}],"wp:attachment":[{"href":"https:\/\/conexion-mx.com\/index.php?rest_route=%2Fwp%2Fv2%2Fmedia&parent=4705"}],"wp:term":[{"taxonomy":"category","embeddable":true,"href":"https:\/\/conexion-mx.com\/index.php?rest_route=%2Fwp%2Fv2%2Fcategories&post=4705"},{"taxonomy":"post_tag","embeddable":true,"href":"https:\/\/conexion-mx.com\/index.php?rest_route=%2Fwp%2Fv2%2Ftags&post=4705"}],"curies":[{"name":"wp","href":"https:\/\/api.w.org\/{rel}","templated":true}]}}