{"id":4711,"date":"2026-07-04T14:36:39","date_gmt":"2026-07-04T19:36:39","guid":{"rendered":"https:\/\/conexion-mx.com\/?p=4711"},"modified":"2026-07-04T14:36:39","modified_gmt":"2026-07-04T19:36:39","slug":"keiko-ante-el-laberinto-del-poder","status":"publish","type":"post","link":"https:\/\/conexion-mx.com\/?p=4711","title":{"rendered":"Keiko ante el laberinto del poder"},"content":{"rendered":"<p> <br \/>\n<\/p>\n<div>\n<p>Tras semanas de incertidumbre y un conteo voto a voto que paraliz\u00f3 a la naci\u00f3n, la autoridad electoral peruana ha ratificado el triunfo \u2014ajustad\u00edsimo\u2014 de <strong>Keiko Fujimori<\/strong>. La l\u00edder de Fuerza Popular <strong>asumir\u00e1 el mandato el pr\u00f3ximo 28 de julio <\/strong>con una urgencia tan pragm\u00e1tica como dram\u00e1tica: sobrevivir en el cargo su primer a\u00f1o.<\/p>\n<p>Desde que en el a\u00f1o 2000 <strong>Alberto Fujimori<\/strong> abandonara la presidencia por la puerta trasera, Per\u00fa se sumergi\u00f3 en una espiral de inestabilidad cr\u00f3nica, alimentada por una corrupci\u00f3n sist\u00e9mica que carcome sus instituciones.\u00a0<\/p>\n<aside class=\"htmlinline\"\/>\n<p>En este rinc\u00f3n de Sudam\u00e9rica, la banda presidencial se ha convertido en una prenda de alta costura, pero de extrema fragilidad: hoy se ostenta y ma\u00f1ana se pierde.\u00a0<\/p>\n<p>Veintis\u00e9is a\u00f1os despu\u00e9s de la ca\u00edda del r\u00e9gimen de Fujimori, 11 presidentes han desfilado por el Palacio de Gobierno \u2014la mayor\u00eda triturados por la crisis en los \u00faltimos ocho a\u00f1os\u2014. <strong>Su hija se alista para ser la n\u00famero 12 de la lista<\/strong>. Al menos, ese es el plan.<\/p>\n<p><strong>El desembarco de Keiko en el Ejecutivo ocurre, tras su cuarta postulaci\u00f3n.<\/strong> Una perseverancia que demuestra que, para bien o para mal, la alargada sombra de su padre sigue siendo el eje sobre el que orbita la pol\u00edtica peruana: despierta el p\u00e1nico a la autocracia en la mitad del pa\u00eds, pero tambi\u00e9n la a\u00f1oranza de orden en la otra.\u00a0<\/p>\n<p>Su victoria frente al izquierdista <strong>Roberto S\u00e1nchez<\/strong>, por una diferencia menor a un punto porcentual y apenas 50 mil votos, no es un cheque en blanco, es el reflejo de una sociedad profundamente fracturada.<\/p>\n<p>Esa polarizaci\u00f3n es el caldo de cultivo de una anomal\u00eda institucional: desde 2016, Per\u00fa ha devorado ocho presidentes. El Congreso de la Rep\u00fablica, operando bajo un parlamentarismo de facto, ha perfeccionado el uso de la <strong>\u00abincapacidad moral permanente\u00bb<\/strong>, una cl\u00e1usula constitucional el\u00e1stica y ambigua que permite deponer mandatarios al antojo de las mayor\u00edas de turno.\u00a0<\/p>\n<p>Sin una bancada mayoritaria que le asegure el control absoluto, el primer gran examen de Fujimori no ser\u00e1 econ\u00f3mico, sino de alta negociaci\u00f3n pol\u00edtica: <strong>pactar en el Parlamento<\/strong> para no ser la pr\u00f3xima v\u00edctima de la guillotina legislativa.&#13;<br \/>\n&#13;\n<\/p>\n<p>La agenda que le espera a la presidenta electa para el quinquenio 2026-2031 no admite treguas. <strong>Recibe una econom\u00eda fr\u00eda<\/strong>, por debajo de su potencial, y una <strong>crisis de seguridad sin precedentes.\u00a0<\/strong>&#13;<br \/>\n&#13;\n<\/p>\n<p>El <strong>crimen organizado <\/strong>se ha adue\u00f1ado de las calles; las 26,500 denuncias por extorsi\u00f3n registradas en 2025 representan un brutal incremento respecto al \u00faltimo lustro.\u00a0&#13;<br \/>\n&#13;\n<\/p>\n<p>Lima se desangra en <strong>paros de transportistas y balas<\/strong>: m\u00e1s de 150 vidas se han perdido en el sector desde finales de 2024 a manos de las mafias del cobro de cupos.&#13;<br \/>\n&#13;\n<\/p>\n<p>Frente a este escenario, Keiko desempolva la vieja ret\u00f3rica familiar y <strong>promete \u00abmano dura\u00bb.\u00a0<\/strong>&#13;<br \/>\n&#13;\n<\/p>\n<p>Su oferta d<strong>e \u00abterrorismo urbano\u00bb, militarizaci\u00f3n de penales y expulsi\u00f3n de migrantes<\/strong> busca emular la firmeza con la que su padre combati\u00f3 la subversi\u00f3n, una narrativa que encaja a la perfecci\u00f3n con la ola neoconservadora global y el eje de Washington bajo Donald Trump.&#13;<br \/>\n&#13;\n<\/p>\n<p><strong>El fujimorismo vuelve al poder, pero en un Per\u00fa atomizado<\/strong>, la l\u00ednea que separa el orden democr\u00e1tico del abismo institucional es m\u00e1s delgada que nunca.&#13;<br \/>\n&#13;\n<\/p>\n<p>POR ISRAEL L\u00d3PEZ GUTI\u00c9RREZ&#13;<br \/>\n&#13;\n<\/p>\n<p>COLABORADOR&#13;<br \/>\n&#13;\n<\/p>\n<p>@PAPADEPONCHO&#13;<br \/>\n&#13;\n<\/p>\n<p>ISRAEL.LOPEZ@ELHERALDODEMEXICO.COM&#13;<br \/>\n&#13;\n<\/p>\n<p><img loading=\"lazy\" decoding=\"async\" alt=\"\" height=\"168\" src=\"https:\/\/heraldodemexico.com.mx\/u\/fotografias\/m\/2021\/3\/14\/f768x1-337000_337127_5050.jpeg\" width=\"768\"\/>&#13;<br \/>\n&#13;<br \/>\n&#13;\n                                <\/p>\n<\/p><\/div>\n<p><script>\n    !function(f,b,e,v,n,t,s)\n    {if(f.fbq)return;n=f.fbq=function(){n.callMethod?\n    n.callMethod.apply(n,arguments):n.queue.push(arguments)};\n    if(!f._fbq)f._fbq=n;n.push=n;n.loaded=!0;n.version='2.0';\n    n.queue=[];t=b.createElement(e);t.async=!0;\n    t.src=v;s=b.getElementsByTagName(e)[0];\n    s.parentNode.insertBefore(t,s)}(window, document,'script',\n    'https:\/\/connect.facebook.net\/en_US\/fbevents.js');\n    fbq('init', '237927003583820');\n    fbq('track', 'PageView');\n  <\/script><script>\n      !function(f,b,e,v,n,t,s)\n      {if(f.fbq)return;n=f.fbq=function(){n.callMethod?\n        n.callMethod.apply(n,arguments):n.queue.push(arguments)};\n        if(!f._fbq)f._fbq=n;n.push=n;n.loaded=!0;n.version='2.0';\n        n.queue=[];t=b.createElement(e);t.async=!0;\n    t.src=v;s=b.getElementsByTagName(e)[0];\n    s.parentNode.insertBefore(t,s)}(window, document,'script',\n    'https:\/\/connect.facebook.net\/en_US\/fbevents.js');\n    fbq('init', '622139085998321');\n    fbq('track', 'PageView');\n    <\/script><br \/>\n<br \/><\/p>\n","protected":false},"excerpt":{"rendered":"<p>Tras semanas de incertidumbre y un conteo voto a voto que paraliz\u00f3 a la naci\u00f3n, la autoridad electoral peruana ha ratificado el triunfo \u2014ajustad\u00edsimo\u2014 de Keiko Fujimori. La l\u00edder de Fuerza Popular asumir\u00e1 el mandato el pr\u00f3ximo 28 de julio con una urgencia tan pragm\u00e1tica como dram\u00e1tica: sobrevivir en el cargo su primer a\u00f1o. Desde [&hellip;]<\/p>\n","protected":false},"author":2,"featured_media":4712,"comment_status":"","ping_status":"","sticky":false,"template":"","format":"standard","meta":{"footnotes":""},"categories":[2],"tags":[],"class_list":["post-4711","post","type-post","status-publish","format-standard","has-post-thumbnail","hentry","category-local"],"_links":{"self":[{"href":"https:\/\/conexion-mx.com\/index.php?rest_route=\/wp\/v2\/posts\/4711","targetHints":{"allow":["GET"]}}],"collection":[{"href":"https:\/\/conexion-mx.com\/index.php?rest_route=\/wp\/v2\/posts"}],"about":[{"href":"https:\/\/conexion-mx.com\/index.php?rest_route=\/wp\/v2\/types\/post"}],"author":[{"embeddable":true,"href":"https:\/\/conexion-mx.com\/index.php?rest_route=\/wp\/v2\/users\/2"}],"replies":[{"embeddable":true,"href":"https:\/\/conexion-mx.com\/index.php?rest_route=%2Fwp%2Fv2%2Fcomments&post=4711"}],"version-history":[{"count":0,"href":"https:\/\/conexion-mx.com\/index.php?rest_route=\/wp\/v2\/posts\/4711\/revisions"}],"wp:featuredmedia":[{"embeddable":true,"href":"https:\/\/conexion-mx.com\/index.php?rest_route=\/wp\/v2\/media\/4712"}],"wp:attachment":[{"href":"https:\/\/conexion-mx.com\/index.php?rest_route=%2Fwp%2Fv2%2Fmedia&parent=4711"}],"wp:term":[{"taxonomy":"category","embeddable":true,"href":"https:\/\/conexion-mx.com\/index.php?rest_route=%2Fwp%2Fv2%2Fcategories&post=4711"},{"taxonomy":"post_tag","embeddable":true,"href":"https:\/\/conexion-mx.com\/index.php?rest_route=%2Fwp%2Fv2%2Ftags&post=4711"}],"curies":[{"name":"wp","href":"https:\/\/api.w.org\/{rel}","templated":true}]}}