{"id":4717,"date":"2026-07-04T22:39:17","date_gmt":"2026-07-05T03:39:17","guid":{"rendered":"https:\/\/conexion-mx.com\/?p=4717"},"modified":"2026-07-04T22:39:17","modified_gmt":"2026-07-05T03:39:17","slug":"descarrilan-al-menos-11-vagones-de-tren-cargado-de-maiz-y-trigo-en-zacatecas","status":"publish","type":"post","link":"https:\/\/conexion-mx.com\/?p=4717","title":{"rendered":"Descarrilan al menos 11 vagones de tren cargado de ma\u00edz y trigo en Zacatecas"},"content":{"rendered":"<p> <br \/>\n<\/p>\n<div itemprop=\"articleBody\">\n<div class=\"txt_contenido\">\n<p>                                    <meta charset=\"UTF-8\"\/><br \/>\n<title\/><\/p>\n<p>Una intensa movilizaci\u00f3n de los cuerpos de emergencia y de <strong>Protecci\u00f3n Civil<\/strong> se despleg\u00f3 este <strong>s\u00e1bado<\/strong> en la capital zacatecana, debido al descarrilamiento de un tren que transportaba toneladas de ma\u00edz y trigo.<\/p>\n<p>Tras recibir el reporte al sistema de <strong>emergencias 911<\/strong>, elementos de rescate se movilizaron al lugar, corroborando el siniestro en el tramo ferroviario conocido popularmente como \u201c<strong>la curva de la ara\u00f1a<\/strong>\u201d.<\/p>\n<aside class=\"htmlinline\"\/>\n<p>La zona fue acordonada por las fuerzas de seguridad para evitar actos de rapi\u00f1a y resguardar a los habitantes que transitan por los alrededores.<\/p>\n<aside class=\"relacionadas con-foto linea-1078\"><strong class=\"relacionadas-titulo-gral\">Noticias Relacionadas<\/strong><\/aside>\n<p>El reporte preliminar indica <strong>11 vagones descarrilados<\/strong>; <strong>dos vagones completamente volcados<\/strong>, cuya carga qued\u00f3 esparcida a los costados de las v\u00edas.<\/p>\n<p>Las autoridades informaron que son cuantiosos los da\u00f1os materiales, tanto en la v\u00eda ferroviaria como en el cargamento.<\/p>\n<p>El dispositivo de rescate contin\u00faa trabajando en el \u00e1rea, realizando las maniobras correspondientes para el levantamiento de las unidades, as\u00ed como la remoci\u00f3n y recuperaci\u00f3n del grano que qued\u00f3 sobre el terreno.<\/p>\n<p><strong>Protecci\u00f3n Civil<\/strong> inform\u00f3 que los trabajos de limpieza y reparaci\u00f3n de la v\u00eda se extender\u00e1n por varias horas, por lo que pidieron a la poblaci\u00f3n extremar precauciones al circular cerca del \u00e1rea.<\/p>\n<\/p><\/div>\n<\/p><\/div>\n<p><script>\n    !function(f,b,e,v,n,t,s)\n    {if(f.fbq)return;n=f.fbq=function(){n.callMethod?\n    n.callMethod.apply(n,arguments):n.queue.push(arguments)};\n    if(!f._fbq)f._fbq=n;n.push=n;n.loaded=!0;n.version='2.0';\n    n.queue=[];t=b.createElement(e);t.async=!0;\n    t.src=v;s=b.getElementsByTagName(e)[0];\n    s.parentNode.insertBefore(t,s)}(window, document,'script',\n    'https:\/\/connect.facebook.net\/en_US\/fbevents.js');\n    fbq('init', '237927003583820');\n    fbq('track', 'PageView');\n  <\/script><script>\n    !function(f,b,e,v,n,t,s)\n    {if(f.fbq)return;n=f.fbq=function(){n.callMethod?\n    n.callMethod.apply(n,arguments):n.queue.push(arguments)};\n    if(!f._fbq)f._fbq=n;n.push=n;n.loaded=!0;n.version='2.0';\n    n.queue=[];t=b.createElement(e);t.async=!0;\n    t.src=v;s=b.getElementsByTagName(e)[0];\n    s.parentNode.insertBefore(t,s)}(window, document,'script',\n    'https:\/\/connect.facebook.net\/en_US\/fbevents.js');\n    fbq('init', '802372280934901');\n    fbq('track', 'PageView');\n    <\/script><br \/>\n<br \/><\/p>\n","protected":false},"excerpt":{"rendered":"<p>Una intensa movilizaci\u00f3n de los cuerpos de emergencia y de Protecci\u00f3n Civil se despleg\u00f3 este s\u00e1bado en la capital zacatecana, debido al descarrilamiento de un tren que transportaba toneladas de ma\u00edz y trigo. Tras recibir el reporte al sistema de emergencias 911, elementos de rescate se movilizaron al lugar, corroborando el siniestro en el tramo [&hellip;]<\/p>\n","protected":false},"author":2,"featured_media":4718,"comment_status":"","ping_status":"","sticky":false,"template":"","format":"standard","meta":{"footnotes":""},"categories":[2],"tags":[],"class_list":["post-4717","post","type-post","status-publish","format-standard","has-post-thumbnail","hentry","category-local"],"_links":{"self":[{"href":"https:\/\/conexion-mx.com\/index.php?rest_route=\/wp\/v2\/posts\/4717","targetHints":{"allow":["GET"]}}],"collection":[{"href":"https:\/\/conexion-mx.com\/index.php?rest_route=\/wp\/v2\/posts"}],"about":[{"href":"https:\/\/conexion-mx.com\/index.php?rest_route=\/wp\/v2\/types\/post"}],"author":[{"embeddable":true,"href":"https:\/\/conexion-mx.com\/index.php?rest_route=\/wp\/v2\/users\/2"}],"replies":[{"embeddable":true,"href":"https:\/\/conexion-mx.com\/index.php?rest_route=%2Fwp%2Fv2%2Fcomments&post=4717"}],"version-history":[{"count":0,"href":"https:\/\/conexion-mx.com\/index.php?rest_route=\/wp\/v2\/posts\/4717\/revisions"}],"wp:featuredmedia":[{"embeddable":true,"href":"https:\/\/conexion-mx.com\/index.php?rest_route=\/wp\/v2\/media\/4718"}],"wp:attachment":[{"href":"https:\/\/conexion-mx.com\/index.php?rest_route=%2Fwp%2Fv2%2Fmedia&parent=4717"}],"wp:term":[{"taxonomy":"category","embeddable":true,"href":"https:\/\/conexion-mx.com\/index.php?rest_route=%2Fwp%2Fv2%2Fcategories&post=4717"},{"taxonomy":"post_tag","embeddable":true,"href":"https:\/\/conexion-mx.com\/index.php?rest_route=%2Fwp%2Fv2%2Ftags&post=4717"}],"curies":[{"name":"wp","href":"https:\/\/api.w.org\/{rel}","templated":true}]}}