{"id":4719,"date":"2026-07-05T06:42:18","date_gmt":"2026-07-05T11:42:18","guid":{"rendered":"https:\/\/conexion-mx.com\/?p=4719"},"modified":"2026-07-05T06:42:18","modified_gmt":"2026-07-05T11:42:18","slug":"que-significa-despertarte-a-las-3-de-la-manana-segun-la-parapsicologia","status":"publish","type":"post","link":"https:\/\/conexion-mx.com\/?p=4719","title":{"rendered":"\u00bfQu\u00e9 significa despertarte a las 3 de la ma\u00f1ana, seg\u00fan la parapsicolog\u00eda?"},"content":{"rendered":"<p> <br \/>\n<\/p>\n<div>\n<p><strong>Despertarse en plena madrugada es algo com\u00fan<\/strong> y, en la mayor\u00eda de los casos, no representa un problema de salud. Sin embargo, <strong>cuando ocurre de manera frecuente y siempre alrededor de las 3:00 de la ma\u00f1ana<\/strong>, ha dado pie a <strong>m\u00faltiples interpretaciones dentro del mundo de lo paranormal<\/strong>.<\/p>\n<p>Dentro del folclore y algunas corrientes de la parapsicolog\u00eda, este horario recibe\u00a0el nombre de \u00ab<strong>la hora del diablo<\/strong>\u00ab. Esta creencia sostiene que <strong>se trata de un momento en el que existir\u00eda una mayor actividad de energ\u00edas o entidades espirituales<\/strong>.<\/p>\n<aside class=\"htmlinline\"\/>\n<p>Algunas interpretaciones afirman que <strong>esta hora ser\u00eda una especie de contraparte simb\u00f3lica de las 3:00 de la tarde<\/strong>, momento en el que, de acuerdo con la tradici\u00f3n cristiana, <strong>ocurri\u00f3 la muerte de Jesucristo<\/strong>. Sin embargo, esta relaci\u00f3n forma parte de <strong>creencias populares y no existe evidencia hist\u00f3rica <\/strong>o cient\u00edfica que la confirme.<\/p>\n<aside class=\"relacionadas con-foto linea-1078\"><strong class=\"relacionadas-titulo-gral\">Noticias Relacionadas<\/strong><\/aside>\n<h2>\u00bfQu\u00e9 significa despertarte a esa hora, seg\u00fan la parapsicolog\u00eda?<\/h2>\n<p>Para quienes estudian o practican la parapsicolog\u00eda, despertarse constantemente a las 3:00 de la ma\u00f1ana podr\u00eda interpretarse de distintas maneras:<\/p>\n<ul>&#13;<\/p>\n<li><strong>Mayor sensibilidad espiritual<\/strong>. Algunas personas creen que durante ese momento la mente estar\u00eda m\u00e1s receptiva a energ\u00edas o fen\u00f3menos dif\u00edciles de percibir durante el d\u00eda.<\/li>\n<p>&#13;<\/p>\n<li><strong>Un mensaje del plano espiritual<\/strong>. Hay quienes consideran que despertar repetidamente a esa hora puede representar una se\u00f1al o un intento de comunicaci\u00f3n por parte de un ser querido fallecido o de un gu\u00eda espiritual.<\/li>\n<p>&#13;<\/p>\n<li><strong>Un llamado a la introspecci\u00f3n<\/strong>. Otra interpretaci\u00f3n sostiene que este despertar ser\u00eda una invitaci\u00f3n a prestar atenci\u00f3n a emociones, conflictos o decisiones importantes que han sido ignoradas.<\/li>\n<p>&#13;<\/p>\n<li><strong>Liberaci\u00f3n de energ\u00eda emocional<\/strong>. Algunas corrientes esot\u00e9ricas creen que el cuerpo aprovecha la quietud de la madrugada para procesar cargas emocionales acumuladas.<\/li>\n<p>&#13;\n<\/ul>\n<p>Estas interpretaciones pertenecen al \u00e1mbito de las creencias y no cuentan con respaldo cient\u00edfico.<\/p>\n<div class=\"image-align-center\">\n<figure class=\"image\"><img loading=\"lazy\" decoding=\"async\" alt=\"\" height=\"440\" src=\"https:\/\/heraldodemexico.com.mx\/u\/fotografias\/m\/2026\/7\/4\/f768x1-1303431_1303558_5050.png\" width=\"768\"\/>&#13;<figcaption>Hay varias explicaciones atribuidas a despertarse en la madrugada \/ FOTO: Freepik<\/figcaption>&#13;<br \/>\n<\/figure>\n<\/div>\n<h2>\u00bfQu\u00e9 explica la ciencia?<\/h2>\n<p>Desde la medicina del sue\u00f1o, despertarse alrededor de las 3:00 de la madrugada suele tener <strong>explicaciones m\u00e1s terrenales<\/strong>.<\/p>\n<p>Durante la noche atravesamos varios ciclos de sue\u00f1o y es normal tener peque\u00f1os despertares de los que muchas veces ni siquiera somos conscientes. <strong>El estr\u00e9s, la ansiedad, el consumo de cafe\u00edna, cambios hormonales, el ruido, la temperatura o incluso la necesidad de ir al ba\u00f1o pueden hacer que una persona permanezca despierta<\/strong> en ese momento y recuerde el episodio al d\u00eda siguiente.<\/p>\n<p>Si los despertares son frecuentes, afectan el descanso o se acompa\u00f1an de otros s\u00edntomas, lo m\u00e1s recomendable es consultar a un profesional de la salud.&#13;<br \/>\n&#13;\n<\/p>\n<h2>\u00bfCreencia o coincidencia?<\/h2>\n<p><strong>No existe evidencia cient\u00edfica que demuestre que despertarse a las 3:00 de la ma\u00f1ana est\u00e9 relacionado con fen\u00f3menos paranormales o espirituales<\/strong>. Sin embargo, <strong>la idea ha permanecido durante d\u00e9cadas en el imaginario colectivo<\/strong> y contin\u00faa despertando curiosidad en millones de personas.&#13;<br \/>\n&#13;\n<\/p>\n<p>Para algunos, <strong>se trata \u00fanicamente de una coincidencia ligada al funcionamiento normal del sue\u00f1o<\/strong>; para otros, podr\u00eda ser una experiencia con un significado m\u00e1s profundo. La interpretaci\u00f3n depender\u00e1 de las creencias personales de cada individuo, aunque siempre es importante distinguir entre las explicaciones basadas en la evidencia y aquellas que pertenecen al terreno de la parapsicolog\u00eda y las tradiciones populares.&#13;<br \/>\n&#13;<br \/>\n&#13;\n                                <\/p>\n<\/p><\/div>\n<p><script>\n    !function(f,b,e,v,n,t,s)\n    {if(f.fbq)return;n=f.fbq=function(){n.callMethod?\n    n.callMethod.apply(n,arguments):n.queue.push(arguments)};\n    if(!f._fbq)f._fbq=n;n.push=n;n.loaded=!0;n.version='2.0';\n    n.queue=[];t=b.createElement(e);t.async=!0;\n    t.src=v;s=b.getElementsByTagName(e)[0];\n    s.parentNode.insertBefore(t,s)}(window, document,'script',\n    'https:\/\/connect.facebook.net\/en_US\/fbevents.js');\n    fbq('init', '237927003583820');\n    fbq('track', 'PageView');\n  <\/script><script>\n    !function(f,b,e,v,n,t,s)\n    {if(f.fbq)return;n=f.fbq=function(){n.callMethod?\n    n.callMethod.apply(n,arguments):n.queue.push(arguments)};\n    if(!f._fbq)f._fbq=n;n.push=n;n.loaded=!0;n.version='2.0';\n    n.queue=[];t=b.createElement(e);t.async=!0;\n    t.src=v;s=b.getElementsByTagName(e)[0];\n    s.parentNode.insertBefore(t,s)}(window, document,'script',\n    'https:\/\/connect.facebook.net\/en_US\/fbevents.js');\n    fbq('init', '596196051914481');\n    fbq('track', 'PageView');\n    <\/script><br \/>\n<br \/><\/p>\n","protected":false},"excerpt":{"rendered":"<p>Despertarse en plena madrugada es algo com\u00fan y, en la mayor\u00eda de los casos, no representa un problema de salud. Sin embargo, cuando ocurre de manera frecuente y siempre alrededor de las 3:00 de la ma\u00f1ana, ha dado pie a m\u00faltiples interpretaciones dentro del mundo de lo paranormal. Dentro del folclore y algunas corrientes de [&hellip;]<\/p>\n","protected":false},"author":2,"featured_media":4720,"comment_status":"","ping_status":"","sticky":false,"template":"","format":"standard","meta":{"footnotes":""},"categories":[2],"tags":[],"class_list":["post-4719","post","type-post","status-publish","format-standard","has-post-thumbnail","hentry","category-local"],"_links":{"self":[{"href":"https:\/\/conexion-mx.com\/index.php?rest_route=\/wp\/v2\/posts\/4719","targetHints":{"allow":["GET"]}}],"collection":[{"href":"https:\/\/conexion-mx.com\/index.php?rest_route=\/wp\/v2\/posts"}],"about":[{"href":"https:\/\/conexion-mx.com\/index.php?rest_route=\/wp\/v2\/types\/post"}],"author":[{"embeddable":true,"href":"https:\/\/conexion-mx.com\/index.php?rest_route=\/wp\/v2\/users\/2"}],"replies":[{"embeddable":true,"href":"https:\/\/conexion-mx.com\/index.php?rest_route=%2Fwp%2Fv2%2Fcomments&post=4719"}],"version-history":[{"count":0,"href":"https:\/\/conexion-mx.com\/index.php?rest_route=\/wp\/v2\/posts\/4719\/revisions"}],"wp:featuredmedia":[{"embeddable":true,"href":"https:\/\/conexion-mx.com\/index.php?rest_route=\/wp\/v2\/media\/4720"}],"wp:attachment":[{"href":"https:\/\/conexion-mx.com\/index.php?rest_route=%2Fwp%2Fv2%2Fmedia&parent=4719"}],"wp:term":[{"taxonomy":"category","embeddable":true,"href":"https:\/\/conexion-mx.com\/index.php?rest_route=%2Fwp%2Fv2%2Fcategories&post=4719"},{"taxonomy":"post_tag","embeddable":true,"href":"https:\/\/conexion-mx.com\/index.php?rest_route=%2Fwp%2Fv2%2Ftags&post=4719"}],"curies":[{"name":"wp","href":"https:\/\/api.w.org\/{rel}","templated":true}]}}