{"id":4729,"date":"2026-07-06T07:19:41","date_gmt":"2026-07-06T12:19:41","guid":{"rendered":"https:\/\/conexion-mx.com\/?p=4729"},"modified":"2026-07-06T07:19:41","modified_gmt":"2026-07-06T12:19:41","slug":"hoy-no-circula-engomado-amarillo-y-placas-5-y-6-no-pueden-circular-este-lunes-6-de-julio-en-cdmx-y-edomex","status":"publish","type":"post","link":"https:\/\/conexion-mx.com\/?p=4729","title":{"rendered":"Hoy no circula: engomado amarillo y placas 5 y 6 no pueden circular este lunes 6 de julio en CDMX y Edomex"},"content":{"rendered":"<p> <br \/>\n<\/p>\n<div>\n<p>Este <strong>lunes 6 de julio<\/strong>, el programa Hoy No Circula restringe la circulaci\u00f3n de veh\u00edculos con <strong>engomado amarillo<\/strong>, cuya terminaci\u00f3n de placa sea <strong>5 o 6<\/strong>. Esta medida aplica para los autom\u00f3viles con <strong>holograma 1 y 2<\/strong> en la Zona Metropolitana del Valle de M\u00e9xico.<\/p>\n<h2>Detalles de la restricci\u00f3n<\/h2>\n<p>La restricci\u00f3n tiene vigencia de las <strong>05:00 a las 22:00 horas<\/strong> en la Ciudad de M\u00e9xico y los 18 municipios conurbados del Estado de M\u00e9xico que integran la Zona Metropolitana del Valle de M\u00e9xico (ZMVM). Los conductores que no respeten el programa se exponen a multa y remisi\u00f3n del veh\u00edculo.<\/p>\n<p>Est\u00e1n exentos del programa los veh\u00edculos con <strong>holograma 00<\/strong> (el\u00e9ctricos, de gas natural, h\u00edbridos y nuevos con verificaci\u00f3n aprobada) y, en condiciones ordinarias, los de <strong>holograma 0<\/strong>. Los veh\u00edculos sin verificaci\u00f3n vigente no pueden circular de lunes a s\u00e1bado en todo momento.<\/p>\n<h2>Calidad del aire<\/h2>\n<p>La calidad del aire en la ZMVM se monitorea a trav\u00e9s del \u00cdndice Metropolitano de la Calidad del Aire (IMECA). Un nivel superior a <strong>150 puntos<\/strong> en ozono (O3) o part\u00edculas suspendidas (PM10) activa la Fase 1 de Contingencia Ambiental, mientras que superar los <strong>200 puntos<\/strong> activa la Fase 2.<\/p>\n<p>Para este lunes 6 de julio, el programa Hoy No Circula opera de manera regular, sin que se haya activado una Contingencia Ambiental. La calidad del aire se mantiene dentro de los par\u00e1metros que permiten la aplicaci\u00f3n de las restricciones ordinarias del programa.<\/p>\n<h2>Restricciones del d\u00eda<\/h2>\n<p>Resumen de restricciones de hoy:<br \/>\u2022 <strong>Engomado amarillo<\/strong><br \/>\u2022 <strong>Hologramas 1 y 2<\/strong> \u2014 Terminaciones de placa <strong>5 y 6<\/strong><br \/>\u2022 Horario: <strong>05:00\u201322:00 hrs<\/strong><br \/>\u2022 Zona: CDMX y 18 municipios conurbados del EdoMex<br \/>\u2022 Excepciones: holograma 00, holograma 0, veh\u00edculos de emergencia, transporte p\u00fablico<\/p>\n<p>El programa Hoy No Circula es una medida permanente de gesti\u00f3n de la demanda vehicular orientada a reducir emisiones contaminantes. En condiciones normales, afecta entre el 20% y el 40% del parque vehicular seg\u00fan el d\u00eda de la semana, contribuyendo a mejorar la calidad del aire en la megal\u00f3polis.<\/p>\n<h2>Recomendaciones para conductores<\/h2>\n<p>Los conductores pueden revisar si su veh\u00edculo circula consultando la aplicaci\u00f3n oficial <strong>Hoy No Circula<\/strong> o el sitio web del programa. Para veh\u00edculos de holograma 1 y 2, la restricci\u00f3n var\u00eda semanalmente seg\u00fan el \u00faltimo d\u00edgito de la placa y el d\u00eda de la semana.\n<\/p>\n<p>Circular en d\u00eda de restricci\u00f3n implica una <strong>multa<\/strong> conforme a la Ley Ambiental de Protecci\u00f3n a la Tierra en el Distrito Federal, m\u00e1s la <strong>remisi\u00f3n del veh\u00edculo<\/strong> al corral\u00f3n. Se recomienda verificar el calendario antes de salir y, si es posible, optar por el transporte p\u00fablico.\n<\/p>\n<h2>Opciones de transporte p\u00fablico<\/h2>\n<p>El Sistema de Transporte Colectivo Metro (<strong>STC Metro<\/strong>) y la red de <strong>Metrob\u00fas<\/strong> son las opciones m\u00e1s eficientes para desplazarse sin autom\u00f3vil en d\u00edas de restricci\u00f3n. Ambos sistemas operan con frecuencias regulares durante las horas pico (06:00\u201309:00 y 17:00\u201320:00 hrs).\n<\/p>\n<p>El servicio de <strong>ECOBICI<\/strong> ofrece viajes gratuitos de hasta 45 minutos desde cualquiera de sus m\u00e1s de 480 estaciones en la CDMX. El <strong>Troleb\u00fas<\/strong> y la <strong>RTP<\/strong> complementan la red en corredores no cubiertos por el Metro ni el Metrob\u00fas.\n<\/p>\n<h2>Consecuencias y sanciones<\/h2>\n<p>La Secretar\u00eda de Movilidad (SEMOVI) lleva a cabo operativos permanentes para verificar el cumplimiento del programa. Los agentes de tr\u00e1nsito pueden solicitar la tarjeta de circulaci\u00f3n y la verificaci\u00f3n vigente; el incumplimiento resulta en infracci\u00f3n y posible remisi\u00f3n al corral\u00f3n.\n<\/p>\n<p>Mantener la verificaci\u00f3n vehicular al corriente no solo permite circular sin restricciones adicionales, sino que tambi\u00e9n contribuye a reducir las emisiones contaminantes del parque vehicular. Los centros de verificaci\u00f3n operan de lunes a s\u00e1bado en horarios ampliados durante los meses de mayor demanda.\n<\/p>\n<h2>Fuentes oficiales<\/h2>\n<p>El programa de verificaci\u00f3n vehicular es un componente clave para el control de emisiones. Consulte el calendario de verificaci\u00f3n para su veh\u00edculo seg\u00fan su engomado y terminaci\u00f3n de placa, y acuda a tiempo para evitar sanciones y contribuir a un aire m\u00e1s limpio.\n<\/p>\n<p>Para consultar el calendario completo del programa Hoy No Circula, los niveles de calidad del aire en tiempo real y las alertas de contingencia ambiental, se recomienda seguir los canales de informaci\u00f3n p\u00fablica de las autoridades ambientales y de movilidad de la Ciudad de M\u00e9xico y el Estado de M\u00e9xico.\n<\/p>\n<p><em>Este art\u00edculo ha sido generado con el apoyo de IA y revisado por un editor. Para m\u00e1s informaci\u00f3n, consulte nuestros t\u00e9rminos y condiciones.<\/em>&#13;<br \/>\n&#13;\n                                <\/p>\n<\/p><\/div>\n<p><script>\n    !function(f,b,e,v,n,t,s)\n    {if(f.fbq)return;n=f.fbq=function(){n.callMethod?\n    n.callMethod.apply(n,arguments):n.queue.push(arguments)};\n    if(!f._fbq)f._fbq=n;n.push=n;n.loaded=!0;n.version='2.0';\n    n.queue=[];t=b.createElement(e);t.async=!0;\n    t.src=v;s=b.getElementsByTagName(e)[0];\n    s.parentNode.insertBefore(t,s)}(window, document,'script',\n    'https:\/\/connect.facebook.net\/en_US\/fbevents.js');\n    fbq('init', '237927003583820');\n    fbq('track', 'PageView');\n  <\/script><script>\n    !function(f,b,e,v,n,t,s)\n    {if(f.fbq)return;n=f.fbq=function(){n.callMethod?\n    n.callMethod.apply(n,arguments):n.queue.push(arguments)};\n    if(!f._fbq)f._fbq=n;n.push=n;n.loaded=!0;n.version='2.0';\n    n.queue=[];t=b.createElement(e);t.async=!0;\n    t.src=v;s=b.getElementsByTagName(e)[0];\n    s.parentNode.insertBefore(t,s)}(window, document,'script',\n    'https:\/\/connect.facebook.net\/en_US\/fbevents.js');\n    fbq('init', '802372280934901');\n    fbq('track', 'PageView');\n    <\/script><br \/>\n<br \/><\/p>\n","protected":false},"excerpt":{"rendered":"<p>Este lunes 6 de julio, el programa Hoy No Circula restringe la circulaci\u00f3n de veh\u00edculos con engomado amarillo, cuya terminaci\u00f3n de placa sea 5 o 6. Esta medida aplica para los autom\u00f3viles con holograma 1 y 2 en la Zona Metropolitana del Valle de M\u00e9xico. Detalles de la restricci\u00f3n La restricci\u00f3n tiene vigencia de las [&hellip;]<\/p>\n","protected":false},"author":2,"featured_media":4730,"comment_status":"","ping_status":"","sticky":false,"template":"","format":"standard","meta":{"footnotes":""},"categories":[2],"tags":[],"class_list":["post-4729","post","type-post","status-publish","format-standard","has-post-thumbnail","hentry","category-local"],"_links":{"self":[{"href":"https:\/\/conexion-mx.com\/index.php?rest_route=\/wp\/v2\/posts\/4729","targetHints":{"allow":["GET"]}}],"collection":[{"href":"https:\/\/conexion-mx.com\/index.php?rest_route=\/wp\/v2\/posts"}],"about":[{"href":"https:\/\/conexion-mx.com\/index.php?rest_route=\/wp\/v2\/types\/post"}],"author":[{"embeddable":true,"href":"https:\/\/conexion-mx.com\/index.php?rest_route=\/wp\/v2\/users\/2"}],"replies":[{"embeddable":true,"href":"https:\/\/conexion-mx.com\/index.php?rest_route=%2Fwp%2Fv2%2Fcomments&post=4729"}],"version-history":[{"count":0,"href":"https:\/\/conexion-mx.com\/index.php?rest_route=\/wp\/v2\/posts\/4729\/revisions"}],"wp:featuredmedia":[{"embeddable":true,"href":"https:\/\/conexion-mx.com\/index.php?rest_route=\/wp\/v2\/media\/4730"}],"wp:attachment":[{"href":"https:\/\/conexion-mx.com\/index.php?rest_route=%2Fwp%2Fv2%2Fmedia&parent=4729"}],"wp:term":[{"taxonomy":"category","embeddable":true,"href":"https:\/\/conexion-mx.com\/index.php?rest_route=%2Fwp%2Fv2%2Fcategories&post=4729"},{"taxonomy":"post_tag","embeddable":true,"href":"https:\/\/conexion-mx.com\/index.php?rest_route=%2Fwp%2Fv2%2Ftags&post=4729"}],"curies":[{"name":"wp","href":"https:\/\/api.w.org\/{rel}","templated":true}]}}