{"id":4733,"date":"2026-07-06T09:16:58","date_gmt":"2026-07-06T14:16:58","guid":{"rendered":"https:\/\/conexion-mx.com\/?p=4733"},"modified":"2026-07-06T09:16:58","modified_gmt":"2026-07-06T14:16:58","slug":"sacapuntas-el-heraldo-de-mexico-7","status":"publish","type":"post","link":"https:\/\/conexion-mx.com\/?p=4733","title":{"rendered":"Sacapuntas &#8211; El Heraldo de M\u00e9xico"},"content":{"rendered":"<p> <br \/>\n<\/p>\n<div>\n<h2><strong>Inician las impugnaciones<\/strong><\/h2>\n<p>Ahora que el Instituto Nacional Electoral (INE) entreg\u00f3 registros a los nuevos partidos Paz y Somos M\u00e9xico, comienza la danza de impugnaciones ante el Tribunal Electoral del Poder Judicial de la Federaci\u00f3n, que preside el magistrado<strong> Gilberto B\u00e1tiz Garc\u00eda. <\/strong>Incluso, la organizaci\u00f3n Interacci\u00f3n y Empat\u00eda para Todos, que no cumpli\u00f3 con los requisitos m\u00ednimos de militantes afiliados y asambleas realizadas, interpuso el primer juicio para anular la decisi\u00f3n del organismo aut\u00f3nomo. De esta \u00faltima, no se espera mucho y no hay nada qu\u00e9 hacer.<\/p>\n<p>\u00a0<\/p>\n<aside class=\"htmlinline\"\/>\n<h2><strong>Fraccionando el voto opositor<\/strong><\/h2>\n<p>En el PAN, que preside <strong>Jorge Romero, <\/strong>hay preocupaci\u00f3n ante la aparici\u00f3n del nuevo partido Somos M\u00e9xico. La raz\u00f3n: la fragmentaci\u00f3n del voto opositor, lo que beneficia directamente a Morena y aliados, quienes ven oportunidad para ganar terreno, incluso en estados y municipios donde PAN y PRI son m\u00e1s dominantes.<\/p>\n<p>\u00a0<\/p>\n<h2><strong>CSP felicita a Isaac del Toro<\/strong><\/h2>\n<p>La presidenta <strong>Claudia Sheinbaum<\/strong> felicit\u00f3 a Isaac del Toro por su triunfo en la segunda etapa del Tour de Francia 2026. En redes sociales, la mandataria reconoci\u00f3 al ciclista mexicano de 22 a\u00f1os, quien forma parte del UAE Team Emirates y que venci\u00f3 en esta prueba, con 168.5 kil\u00f3metros de recorrido entre Tarragona y Barcelona.<\/p>\n<p>\u00a0<\/p>\n<h2><strong>La lupa sobre Garc\u00eda Luna<\/strong><\/h2>\n<p><strong>Jes\u00fas Gabriel P\u00e9rez Rodr\u00edguez <\/strong>fue imputado por asociaci\u00f3n delictuosa y peculado. De acuerdo con la FGR, de <strong>Ernestina Godoy,<\/strong> presuntamente particip\u00f3 en la ingenier\u00eda financiera de <strong>Genaro Garc\u00eda Luna<\/strong> con contratos simulados con el \u00d3rgano Administrativo Desconcentrado Prevenci\u00f3n y Readaptaci\u00f3n Social.<\/p>\n<p>\u00a0&#13;<br \/>\n&#13;\n<\/p>\n<h2><strong>Va debate sobre el T-MEC<\/strong><\/h2>\n<p>Esta semana, el Congreso recibir\u00e1 de la Secretar\u00eda de Econom\u00eda, que encabeza <strong>Marcelo Ebrard, <\/strong>un reporte sobre el proceso de revisi\u00f3n del T-MEC. Anticipan un amplio debate en la Comisi\u00f3n Permanente, en el que se busca crear las condiciones necesarias para que el gobierno de EU ratifique la ampliaci\u00f3n del acuerdo.&#13;<br \/>\n&#13;\n<\/p>\n<p>\u00a0&#13;<br \/>\n&#13;\n<\/p>\n<h2><strong>Alistan videovisitas a c\u00e1rceles<\/strong><\/h2>\n<p>El Instituto Federal de Defensor\u00eda P\u00fablica, encabezado por<strong> Benjam\u00edn Rubio, <\/strong>cre\u00f3 \u201cIFDP Videovisitas\u201d, un programa en fase de pruebas que consiste en herramientas virtuales para estar m\u00e1s cerca de las personas privadas de la libertad a las que representan, disminuyendo en 95% los traslados a los centros de reclusi\u00f3n.&#13;<br \/>\n&#13;\n<\/p>\n<p>\u00a0&#13;<br \/>\n&#13;\n<\/p>\n<h2><strong>Zarpa ayuda para Venezuela<\/strong><\/h2>\n<p>Las secretar\u00edas de Marina, que encabeza el almirante <strong>Raymundo Pedro Morales, <\/strong>y de Relaciones Exteriores, que dirige <strong>Roberto Velasco,<\/strong> informaron que ayer partieron rumbo a Venezuela los buques Isla Holbox y Huasteco, con m\u00e1s de 707 toneladas de v\u00edveres para los damnificados de los sismos del 24 de junio.&#13;<br \/>\n&#13;\n<\/p>\n<p>SACAPUNTAS@ELHERALDODEMEXICO.COM&#13;<br \/>\n&#13;\n<\/p>\n<p><img loading=\"lazy\" decoding=\"async\" alt=\"\" height=\"168\" src=\"https:\/\/heraldodemexico.com.mx\/u\/fotografias\/m\/2021\/3\/14\/f768x1-337000_337127_5050.jpeg\" width=\"768\"\/>&#13;<br \/>\n&#13;\n<\/p>\n<p>EEZ&#13;<br \/>\n&#13;<br \/>\n&#13;\n                                <\/p>\n<\/p><\/div>\n<p><script>\n    !function(f,b,e,v,n,t,s)\n    {if(f.fbq)return;n=f.fbq=function(){n.callMethod?\n    n.callMethod.apply(n,arguments):n.queue.push(arguments)};\n    if(!f._fbq)f._fbq=n;n.push=n;n.loaded=!0;n.version='2.0';\n    n.queue=[];t=b.createElement(e);t.async=!0;\n    t.src=v;s=b.getElementsByTagName(e)[0];\n    s.parentNode.insertBefore(t,s)}(window, document,'script',\n    'https:\/\/connect.facebook.net\/en_US\/fbevents.js');\n    fbq('init', '237927003583820');\n    fbq('track', 'PageView');\n  <\/script><script>\n      !function(f,b,e,v,n,t,s)\n      {if(f.fbq)return;n=f.fbq=function(){n.callMethod?\n        n.callMethod.apply(n,arguments):n.queue.push(arguments)};\n        if(!f._fbq)f._fbq=n;n.push=n;n.loaded=!0;n.version='2.0';\n        n.queue=[];t=b.createElement(e);t.async=!0;\n    t.src=v;s=b.getElementsByTagName(e)[0];\n    s.parentNode.insertBefore(t,s)}(window, document,'script',\n    'https:\/\/connect.facebook.net\/en_US\/fbevents.js');\n    fbq('init', '622139085998321');\n    fbq('track', 'PageView');\n    <\/script><br \/>\n<br \/><\/p>\n","protected":false},"excerpt":{"rendered":"<p>Inician las impugnaciones Ahora que el Instituto Nacional Electoral (INE) entreg\u00f3 registros a los nuevos partidos Paz y Somos M\u00e9xico, comienza la danza de impugnaciones ante el Tribunal Electoral del Poder Judicial de la Federaci\u00f3n, que preside el magistrado Gilberto B\u00e1tiz Garc\u00eda. Incluso, la organizaci\u00f3n Interacci\u00f3n y Empat\u00eda para Todos, que no cumpli\u00f3 con los [&hellip;]<\/p>\n","protected":false},"author":3,"featured_media":4734,"comment_status":"","ping_status":"","sticky":false,"template":"","format":"standard","meta":{"footnotes":""},"categories":[34],"tags":[],"class_list":["post-4733","post","type-post","status-publish","format-standard","has-post-thumbnail","hentry","category-sociedad"],"_links":{"self":[{"href":"https:\/\/conexion-mx.com\/index.php?rest_route=\/wp\/v2\/posts\/4733","targetHints":{"allow":["GET"]}}],"collection":[{"href":"https:\/\/conexion-mx.com\/index.php?rest_route=\/wp\/v2\/posts"}],"about":[{"href":"https:\/\/conexion-mx.com\/index.php?rest_route=\/wp\/v2\/types\/post"}],"author":[{"embeddable":true,"href":"https:\/\/conexion-mx.com\/index.php?rest_route=\/wp\/v2\/users\/3"}],"replies":[{"embeddable":true,"href":"https:\/\/conexion-mx.com\/index.php?rest_route=%2Fwp%2Fv2%2Fcomments&post=4733"}],"version-history":[{"count":0,"href":"https:\/\/conexion-mx.com\/index.php?rest_route=\/wp\/v2\/posts\/4733\/revisions"}],"wp:featuredmedia":[{"embeddable":true,"href":"https:\/\/conexion-mx.com\/index.php?rest_route=\/wp\/v2\/media\/4734"}],"wp:attachment":[{"href":"https:\/\/conexion-mx.com\/index.php?rest_route=%2Fwp%2Fv2%2Fmedia&parent=4733"}],"wp:term":[{"taxonomy":"category","embeddable":true,"href":"https:\/\/conexion-mx.com\/index.php?rest_route=%2Fwp%2Fv2%2Fcategories&post=4733"},{"taxonomy":"post_tag","embeddable":true,"href":"https:\/\/conexion-mx.com\/index.php?rest_route=%2Fwp%2Fv2%2Ftags&post=4733"}],"curies":[{"name":"wp","href":"https:\/\/api.w.org\/{rel}","templated":true}]}}