{"id":4739,"date":"2026-07-06T23:24:31","date_gmt":"2026-07-07T04:24:31","guid":{"rendered":"https:\/\/conexion-mx.com\/?p=4739"},"modified":"2026-07-06T23:24:31","modified_gmt":"2026-07-07T04:24:31","slug":"ismael-el-mayo-zambada-acepta-cadena-perpetua-para-no-ir-a-una-carcel-de-maxima-seguridad","status":"publish","type":"post","link":"https:\/\/conexion-mx.com\/?p=4739","title":{"rendered":"Ismael \u201cEl Mayo\u201d Zambada acepta cadena perpetua para no ir a una c\u00e1rcel de m\u00e1xima seguridad"},"content":{"rendered":"<p> <br \/>\n<\/p>\n<div>\n<p>El narcotraficante Ismael \u201cEl Mayo\u201d Zambada acepta pasar el resto de su vida en un centro penitenciario m\u00e9dico para evitar una prisi\u00f3n de m\u00e1xima seguridad.<\/p>\n<p>En un documento dirigido al juez Brian Cogan, de la Corte Federal del Distrito Este en Brooklyn, Nueva York, Frank A. P\u00e9rez, abogado del capo, reconoce que los delitos por los que Zambada admiti\u00f3 su culpa, tienen como sanci\u00f3n la cadena perpetua.<\/p>\n<aside class=\"htmlinline\"\/>\n<p>\u201cEl acusado Ismael Zambada Garc\u00eda acepta que, como consecuencia de los graves delitos que ha cometido, ser\u00e1 sentenciado a cadena perpetua\u201d, indica la carta de 12 p\u00e1ginas.<\/p>\n<p>La misiva indica que el capo padece un conjunto complejo de problemas de salud relacionados con la edad y que este admite que la sentencia que se le impondr\u00e1 impedir\u00e1 cualquier posibilidad de ser liberado.<\/p>\n<p>Es por eso que solicita que el tribunal recomiende el lugar de reclusi\u00f3n en el que cumplir\u00e1 la condena.<\/p>\n<p>Pide que \u201cEl Mayo\u201d, de 76 a\u00f1os de edad, sea enviado a un lugar que est\u00e9 debidamente equipado para atender sus necesidades m\u00e9dicas como los Federal Medical Centers (FMC Butner o FMC Rochester), al Medical Center for Federal Prisoners (MCFP Springfield), o a un centro m\u00e9dico-administrativo seguro similar que pueda atenderlo ante sus padecimientos de salud, sujeto a la clasificaci\u00f3n de seguridad determinada por el Bur\u00f3 Federal de Prisiones (BOP por sus siglas en ingl\u00e9s).<\/p>\n<p>La carta se envi\u00f3 a unos d\u00edas de que se realice la audiencia en la que el capo conocer\u00e1 su sentencia.<\/p>\n<p>El pr\u00f3ximo 20 de julio, el juez informar\u00e1 cu\u00e1l es la pena que le impone al l\u00edder hist\u00f3rico del C\u00e1rtel de Sinaloa.&#13;<br \/>\n&#13;\n<\/p>\n<p>\u201cAl asumir total responsabilidad por sus delitos, el comportamiento del se\u00f1or Zambada difiere marcadamente de otras figuras del crimen organizado internacional quienes han sido tra\u00eddos a este pa\u00eds a trav\u00e9s de la extradici\u00f3n, incluyendo a su exsocio en el C\u00e1rtel de Sinaloa, Joaqu\u00edn \u201cEl Chapo\u201d Guzm\u00e1n, quien pas\u00f3 11 semanas en un juicio hace siete a\u00f1os\u201d, se\u00f1al\u00f3 la defensa.&#13;<br \/>\n&#13;<br \/>\n&#13;\n                                <\/p>\n<\/p><\/div>\n<p><script>\n    !function(f,b,e,v,n,t,s)\n    {if(f.fbq)return;n=f.fbq=function(){n.callMethod?\n    n.callMethod.apply(n,arguments):n.queue.push(arguments)};\n    if(!f._fbq)f._fbq=n;n.push=n;n.loaded=!0;n.version='2.0';\n    n.queue=[];t=b.createElement(e);t.async=!0;\n    t.src=v;s=b.getElementsByTagName(e)[0];\n    s.parentNode.insertBefore(t,s)}(window, document,'script',\n    'https:\/\/connect.facebook.net\/en_US\/fbevents.js');\n    fbq('init', '237927003583820');\n    fbq('track', 'PageView');\n  <\/script><script>\n    !function(f,b,e,v,n,t,s)\n    {if(f.fbq)return;n=f.fbq=function(){n.callMethod?\n    n.callMethod.apply(n,arguments):n.queue.push(arguments)};\n    if(!f._fbq)f._fbq=n;n.push=n;n.loaded=!0;n.version='2.0';\n    n.queue=[];t=b.createElement(e);t.async=!0;\n    t.src=v;s=b.getElementsByTagName(e)[0];\n    s.parentNode.insertBefore(t,s)}(window, document,'script',\n    'https:\/\/connect.facebook.net\/en_US\/fbevents.js');\n    fbq('init', '802372280934901');\n    fbq('track', 'PageView');\n    <\/script><br \/>\n<br \/><\/p>\n","protected":false},"excerpt":{"rendered":"<p>El narcotraficante Ismael \u201cEl Mayo\u201d Zambada acepta pasar el resto de su vida en un centro penitenciario m\u00e9dico para evitar una prisi\u00f3n de m\u00e1xima seguridad. En un documento dirigido al juez Brian Cogan, de la Corte Federal del Distrito Este en Brooklyn, Nueva York, Frank A. P\u00e9rez, abogado del capo, reconoce que los delitos por [&hellip;]<\/p>\n","protected":false},"author":2,"featured_media":4740,"comment_status":"","ping_status":"","sticky":false,"template":"","format":"standard","meta":{"footnotes":""},"categories":[2],"tags":[],"class_list":["post-4739","post","type-post","status-publish","format-standard","has-post-thumbnail","hentry","category-local"],"_links":{"self":[{"href":"https:\/\/conexion-mx.com\/index.php?rest_route=\/wp\/v2\/posts\/4739","targetHints":{"allow":["GET"]}}],"collection":[{"href":"https:\/\/conexion-mx.com\/index.php?rest_route=\/wp\/v2\/posts"}],"about":[{"href":"https:\/\/conexion-mx.com\/index.php?rest_route=\/wp\/v2\/types\/post"}],"author":[{"embeddable":true,"href":"https:\/\/conexion-mx.com\/index.php?rest_route=\/wp\/v2\/users\/2"}],"replies":[{"embeddable":true,"href":"https:\/\/conexion-mx.com\/index.php?rest_route=%2Fwp%2Fv2%2Fcomments&post=4739"}],"version-history":[{"count":0,"href":"https:\/\/conexion-mx.com\/index.php?rest_route=\/wp\/v2\/posts\/4739\/revisions"}],"wp:featuredmedia":[{"embeddable":true,"href":"https:\/\/conexion-mx.com\/index.php?rest_route=\/wp\/v2\/media\/4740"}],"wp:attachment":[{"href":"https:\/\/conexion-mx.com\/index.php?rest_route=%2Fwp%2Fv2%2Fmedia&parent=4739"}],"wp:term":[{"taxonomy":"category","embeddable":true,"href":"https:\/\/conexion-mx.com\/index.php?rest_route=%2Fwp%2Fv2%2Fcategories&post=4739"},{"taxonomy":"post_tag","embeddable":true,"href":"https:\/\/conexion-mx.com\/index.php?rest_route=%2Fwp%2Fv2%2Ftags&post=4739"}],"curies":[{"name":"wp","href":"https:\/\/api.w.org\/{rel}","templated":true}]}}