{"id":4741,"date":"2026-07-07T07:32:26","date_gmt":"2026-07-07T12:32:26","guid":{"rendered":"https:\/\/conexion-mx.com\/?p=4741"},"modified":"2026-07-07T07:32:26","modified_gmt":"2026-07-07T12:32:26","slug":"pvem-buscara-la-gubernatura-de-colima-en-solitario-rompe-alianza-con-morena","status":"publish","type":"post","link":"https:\/\/conexion-mx.com\/?p=4741","title":{"rendered":"PVEM buscar\u00e1 la gubernatura de Colima en solitario; rompe alianza con Morena"},"content":{"rendered":"<p> <br \/>\n<\/p>\n<div itemprop=\"articleBody\">\n<div class=\"txt_contenido\">\n<p>El <strong>Partido Verde Ecologista de M\u00e9xico<\/strong> (<strong>PVEM<\/strong>) romper\u00e1 su alianza con <strong>Morena<\/strong> en <strong>Colima<\/strong> para ir solo en las <strong>elecciones de 2027<\/strong>, de acuerdo con <strong>Virgilio Mendoza<\/strong>, dirigente estatal.<\/p>\n<p>En rueda de prensa, <strong>Virgilio Mendoza<\/strong> se\u00f1al\u00f3 que el <strong>Partido Verde<\/strong> no participar\u00e1 en el proceso interno de <strong>Morena<\/strong> y afirm\u00f3 que existen condiciones para que el <strong>PVEM<\/strong> gane por s\u00ed solo la gubernatura de <strong>Colima<\/strong>.<\/p>\n<aside class=\"htmlinline\"\/>\n<p>En el proceso electoral del pr\u00f3ximo a\u00f1o se renuevan la gubernatura, el Congreso local y las 10 alcald\u00edas.<\/p>\n<p>Mendoza insisti\u00f3 en que el <strong>Partido Verde<\/strong> est\u00e1 en condiciones de ganar el gobierno de <strong>Colima<\/strong> sin depender de <strong>Morena<\/strong>, como ocurri\u00f3 en 2021 en San Luis Potos\u00ed.<\/p>\n<p>Se\u00f1al\u00f3 que los caminos del <strong>PVEM<\/strong> y de <strong>Morena<\/strong> son distintos porque hay gente que busca un cambio de rumbo en la administraci\u00f3n p\u00fablica.<\/p>\n<p>Tambi\u00e9n abri\u00f3 la posibilidad de construir en <strong>Colima<\/strong> un frente opositor contra <strong>Morena<\/strong>, pues \u201cla <strong>pol\u00edtica<\/strong> es circunstancial\u201d, dijo.<\/p>\n<p>El senador colimense subray\u00f3 que el cuadro del <strong>PVEM<\/strong> est\u00e1 mejor posicionado para arrebatarle a <strong>Morena<\/strong> la gubernatura.<\/p>\n<p><strong>Virgilio Mendoza<\/strong> aclar\u00f3 que la ruptura es exclusivamente local y que el partido mantiene su respaldo al proyecto pol\u00edtico de la presidenta <strong>Claudia Sheinbau<\/strong>m a nivel nacional.&#13;<br \/>\n&#13;\n<\/p>\n<p>Durante la conferencia de prensa, <strong>Virgilio Mendoza <\/strong>reconoci\u00f3 que aspira a la <strong>gubernatura<\/strong>, aunque no ser\u00eda el \u00fanico perfil del <strong>Partido Verde<\/strong>.&#13;<br \/>\n&#13;<br \/>\n&#13;\n                                <\/p>\n<\/p><\/div>\n<\/p><\/div>\n<p><script>\n    !function(f,b,e,v,n,t,s)\n    {if(f.fbq)return;n=f.fbq=function(){n.callMethod?\n    n.callMethod.apply(n,arguments):n.queue.push(arguments)};\n    if(!f._fbq)f._fbq=n;n.push=n;n.loaded=!0;n.version='2.0';\n    n.queue=[];t=b.createElement(e);t.async=!0;\n    t.src=v;s=b.getElementsByTagName(e)[0];\n    s.parentNode.insertBefore(t,s)}(window, document,'script',\n    'https:\/\/connect.facebook.net\/en_US\/fbevents.js');\n    fbq('init', '237927003583820');\n    fbq('track', 'PageView');\n  <\/script><br \/>\n<br \/><\/p>\n","protected":false},"excerpt":{"rendered":"<p>El Partido Verde Ecologista de M\u00e9xico (PVEM) romper\u00e1 su alianza con Morena en Colima para ir solo en las elecciones de 2027, de acuerdo con Virgilio Mendoza, dirigente estatal. En rueda de prensa, Virgilio Mendoza se\u00f1al\u00f3 que el Partido Verde no participar\u00e1 en el proceso interno de Morena y afirm\u00f3 que existen condiciones para que [&hellip;]<\/p>\n","protected":false},"author":2,"featured_media":4742,"comment_status":"","ping_status":"","sticky":false,"template":"","format":"standard","meta":{"footnotes":""},"categories":[2],"tags":[],"class_list":["post-4741","post","type-post","status-publish","format-standard","has-post-thumbnail","hentry","category-local"],"_links":{"self":[{"href":"https:\/\/conexion-mx.com\/index.php?rest_route=\/wp\/v2\/posts\/4741","targetHints":{"allow":["GET"]}}],"collection":[{"href":"https:\/\/conexion-mx.com\/index.php?rest_route=\/wp\/v2\/posts"}],"about":[{"href":"https:\/\/conexion-mx.com\/index.php?rest_route=\/wp\/v2\/types\/post"}],"author":[{"embeddable":true,"href":"https:\/\/conexion-mx.com\/index.php?rest_route=\/wp\/v2\/users\/2"}],"replies":[{"embeddable":true,"href":"https:\/\/conexion-mx.com\/index.php?rest_route=%2Fwp%2Fv2%2Fcomments&post=4741"}],"version-history":[{"count":0,"href":"https:\/\/conexion-mx.com\/index.php?rest_route=\/wp\/v2\/posts\/4741\/revisions"}],"wp:featuredmedia":[{"embeddable":true,"href":"https:\/\/conexion-mx.com\/index.php?rest_route=\/wp\/v2\/media\/4742"}],"wp:attachment":[{"href":"https:\/\/conexion-mx.com\/index.php?rest_route=%2Fwp%2Fv2%2Fmedia&parent=4741"}],"wp:term":[{"taxonomy":"category","embeddable":true,"href":"https:\/\/conexion-mx.com\/index.php?rest_route=%2Fwp%2Fv2%2Fcategories&post=4741"},{"taxonomy":"post_tag","embeddable":true,"href":"https:\/\/conexion-mx.com\/index.php?rest_route=%2Fwp%2Fv2%2Ftags&post=4741"}],"curies":[{"name":"wp","href":"https:\/\/api.w.org\/{rel}","templated":true}]}}