{"id":4755,"date":"2026-07-08T08:28:48","date_gmt":"2026-07-08T13:28:48","guid":{"rendered":"https:\/\/conexion-mx.com\/?p=4755"},"modified":"2026-07-08T08:28:48","modified_gmt":"2026-07-08T13:28:48","slug":"tiktoker-quinceanero-es-hallado-sin-zapatos-dentro-de-una-bolsa-tras-desaparecer-de-una-cancha-de-futbol","status":"publish","type":"post","link":"https:\/\/conexion-mx.com\/?p=4755","title":{"rendered":"TikToker quincea\u00f1ero es hallado sin zapatos dentro de una bolsa tras desaparecer de una cancha de futbol"},"content":{"rendered":"<p> <br \/>\n<\/p>\n<div itemprop=\"articleBody\">\n<div class=\"txt_contenido\">\n<p>La <strong>\u00faltima vez <\/strong>que se supo del <strong>paradero<\/strong> del <strong>conocido<\/strong> <strong>tiktoker<\/strong> de 15 a\u00f1os de edad, <strong>Pedro Alexander D\u00edaz Franco<\/strong>, fue en el momento que<strong> hombres armados se lo llevaron<\/strong> por la fuerza, hasta que el cuerpo de una persona dentro de <strong>bolsas de basura<\/strong> que localizado cerca de una <strong>carretera<\/strong> y de inmediato fue vinculado a \u00e9l.<\/p>\n<p>Los <strong>an\u00e1lisis forenses <\/strong>y la primera vista en la <strong>revisi\u00f3n<\/strong> del <strong>cad\u00e1ver<\/strong> identificaron\u00a0algunos <strong>rasgos<\/strong> que ayudaron a <strong>confirmar<\/strong> la <strong>identidad<\/strong> del <strong>tiktoker Pedro Alexander D\u00edaz Franco<\/strong>, cuya familia no supo nada de \u00e9l durante un d\u00eda desde que fue levantado el domingo por la noche.<\/p>\n<aside class=\"htmlinline\"\/>\n<p>Pedro Alexander D\u00edaz Franco fue abandonado en <strong>bolsas de basura<\/strong> y <strong>sin zapatos<\/strong> a un costado de la carretera CA13 en La Lima, departamento de Cort\u00e9s en <strong>Honduras<\/strong>. Hasta el momento se sabe que el creador de contenido fue presuntamente <strong>secuestrado<\/strong> por <strong>hombres armados<\/strong> y <strong>encapuchados<\/strong>.<\/p>\n<aside class=\"relacionadas con-foto linea-1078\"><strong class=\"relacionadas-titulo-gral\">Noticias Relacionadas<\/strong><\/aside>\n<h2>\u00bfPor qu\u00e9 encapuchados armados secuestraron a Pedro Alexander D\u00edaz Franco?<\/h2>\n<p>Cuando Pedro Alexander D\u00edaz Franco estaba en una <strong>cancha de futbol<\/strong> en Campo Nevada, Choloma, hombres encapuchados que portaban<strong> armas de fuego<\/strong> de <strong>alto calibre<\/strong> fueron por el joven quincea\u00f1ero para llevarlo con ellos a la fuerza. La familia del tiktoker <strong>pidieron ayuda<\/strong> adem\u00e1s en las<strong> redes sociales <\/strong>para saber qu\u00e9 pas\u00f3 con el menor de edad.<\/p>\n<p>La <strong>madre<\/strong> del <strong>titktoker de 15 a\u00f1os<\/strong> inform\u00f3 que redes sociales que su hijo fue <strong>raptado<\/strong> por los encapuchados alrededor de las 19:20 horas del domingo 5 de julio, por lo que pidi\u00f3 cualquier <strong>dato<\/strong> que <strong>ayudara<\/strong> a <strong>localizarlo<\/strong>; sin embargo, en menos de 24 horas, el joven fue localizado <strong>embolsado<\/strong>. Al momento se desconocen las causas del <strong>asesinato<\/strong> de <strong>D\u00edaz Franco<\/strong>.<\/p>\n<div class=\"image-align-center\">\n<figure class=\"image\"><img loading=\"lazy\" decoding=\"async\" alt=\"Pedro Alexander D\u00edaz Franco fue despedido por familiares y amigos al ser hallado sin vida\" height=\"771\" src=\"https:\/\/heraldodemexico.com.mx\/u\/fotografias\/m\/2026\/7\/8\/f768x1-1304582_1304709_5050.png\" width=\"768\"\/>&#13;<figcaption>Pedro Alexander D\u00edaz Franco fue despedido por familiares y amigos al ser hallado sin vida. Foto: FB \/\u00a0Atl\u00e9tico Porvenir<\/figcaption>&#13;<br \/>\n<\/figure>\n<\/div>\n<h2>As\u00ed fue encontrado sin vida el tiktoker Pedro Alexander D\u00edaz<\/h2>\n<p>El cuerpo de Pedro Alexander D\u00edaz Franco fue encontrado <strong>envuelto<\/strong> en <strong>bolsas<\/strong> de color negro, mientras vest\u00eda un<strong> pantal\u00f3n negro<\/strong> de tela tipo jean, mientras que <strong>no llevaba zapatos <\/strong>y ten\u00eda un dise\u00f1o en la ceja y un corte de cabello estilizado, se\u00f1alaron medios locales.<\/p>\n<p>El cuerpo del tiktoker Pedro Alexander D\u00edaz presentaba <strong>heridas<\/strong> en su <strong>cuerpo<\/strong>, pero la causa de su deceso no se ha dado a conocer. Medios locales indicaron que la <strong>muerte<\/strong> del<strong> joven tiktoker hondure\u00f1o <\/strong>fue de forma <strong>violenta<\/strong>, lo cual tiene consternada a su comunidad y a otros creadores de contenido.<\/p>\n<\/p><\/div>\n<\/p><\/div>\n<p><script>\n    !function(f,b,e,v,n,t,s)\n    {if(f.fbq)return;n=f.fbq=function(){n.callMethod?\n    n.callMethod.apply(n,arguments):n.queue.push(arguments)};\n    if(!f._fbq)f._fbq=n;n.push=n;n.loaded=!0;n.version='2.0';\n    n.queue=[];t=b.createElement(e);t.async=!0;\n    t.src=v;s=b.getElementsByTagName(e)[0];\n    s.parentNode.insertBefore(t,s)}(window, document,'script',\n    'https:\/\/connect.facebook.net\/en_US\/fbevents.js');\n    fbq('init', '237927003583820');\n    fbq('track', 'PageView');\n  <\/script><br \/>\n<br \/><\/p>\n","protected":false},"excerpt":{"rendered":"<p>La \u00faltima vez que se supo del paradero del conocido tiktoker de 15 a\u00f1os de edad, Pedro Alexander D\u00edaz Franco, fue en el momento que hombres armados se lo llevaron por la fuerza, hasta que el cuerpo de una persona dentro de bolsas de basura que localizado cerca de una carretera y de inmediato fue [&hellip;]<\/p>\n","protected":false},"author":2,"featured_media":4756,"comment_status":"","ping_status":"","sticky":false,"template":"","format":"standard","meta":{"footnotes":""},"categories":[2],"tags":[],"class_list":["post-4755","post","type-post","status-publish","format-standard","has-post-thumbnail","hentry","category-local"],"_links":{"self":[{"href":"https:\/\/conexion-mx.com\/index.php?rest_route=\/wp\/v2\/posts\/4755","targetHints":{"allow":["GET"]}}],"collection":[{"href":"https:\/\/conexion-mx.com\/index.php?rest_route=\/wp\/v2\/posts"}],"about":[{"href":"https:\/\/conexion-mx.com\/index.php?rest_route=\/wp\/v2\/types\/post"}],"author":[{"embeddable":true,"href":"https:\/\/conexion-mx.com\/index.php?rest_route=\/wp\/v2\/users\/2"}],"replies":[{"embeddable":true,"href":"https:\/\/conexion-mx.com\/index.php?rest_route=%2Fwp%2Fv2%2Fcomments&post=4755"}],"version-history":[{"count":0,"href":"https:\/\/conexion-mx.com\/index.php?rest_route=\/wp\/v2\/posts\/4755\/revisions"}],"wp:featuredmedia":[{"embeddable":true,"href":"https:\/\/conexion-mx.com\/index.php?rest_route=\/wp\/v2\/media\/4756"}],"wp:attachment":[{"href":"https:\/\/conexion-mx.com\/index.php?rest_route=%2Fwp%2Fv2%2Fmedia&parent=4755"}],"wp:term":[{"taxonomy":"category","embeddable":true,"href":"https:\/\/conexion-mx.com\/index.php?rest_route=%2Fwp%2Fv2%2Fcategories&post=4755"},{"taxonomy":"post_tag","embeddable":true,"href":"https:\/\/conexion-mx.com\/index.php?rest_route=%2Fwp%2Fv2%2Ftags&post=4755"}],"curies":[{"name":"wp","href":"https:\/\/api.w.org\/{rel}","templated":true}]}}