{"id":4764,"date":"2026-07-08T16:29:43","date_gmt":"2026-07-08T21:29:43","guid":{"rendered":"https:\/\/conexion-mx.com\/?p=4764"},"modified":"2026-07-08T16:29:43","modified_gmt":"2026-07-08T21:29:43","slug":"cuando-terminan-las-clases-en-nayarit-secretaria-de-educacion-desmiente-calendarios-escolares-falsos","status":"publish","type":"post","link":"https:\/\/conexion-mx.com\/?p=4764","title":{"rendered":"\u00bfCu\u00e1ndo terminan las clases en Nayarit? Secretar\u00eda de Educaci\u00f3n desmiente calendarios escolares falsos"},"content":{"rendered":"<p> <br \/>\n<\/p>\n<div itemprop=\"articleBody\">\n<div class=\"txt_contenido\">\n<p>Aunque en muchas escuelas <strong>primarias <\/strong>de <strong>Nayarit <\/strong>ya se entregaron <strong>boletas <\/strong>de <strong>calificaciones <\/strong>e incluso se realizaron <strong>ceremonias <\/strong>de <strong>graduaci\u00f3n <\/strong>y clausuras de fin de cursos, el ciclo escolar a\u00fan no concluye. La<strong> secretaria de Educaci\u00f3n <\/strong>en el estado, <strong>Mirna Manjarr\u00e9s Valle<\/strong>, reiter\u00f3 que el mi\u00e9rcoles 15 de julio es el \u00faltimo d\u00eda de clases para las y los estudiantes de <strong>educaci\u00f3n b\u00e1sica<\/strong>.<\/p>\n<p>La <strong>funcionaria <\/strong>explic\u00f3 que, una vez concluida la asistencia del <strong>alumnado<\/strong>, los d\u00edas 16 y 17 de julio estar\u00e1n destinados a los <strong>talleres intensivos <\/strong>para personal docente, por lo que las escuelas permanecer\u00e1n abiertas y las maestras y los maestros continuar\u00e1n con actividades acad\u00e9micas y de planeaci\u00f3n.<\/p>\n<aside class=\"htmlinline\"\/>\n<p>\u00abEl pr\u00f3ximo mi\u00e9rcoles 15 de julio se suspenden las clases y los docentes llevar\u00e1n a cabo talleres intensivos los d\u00edas 16 y 17. No es un recreo prolongado; puede cambiar el procedimiento diario de las y los maestros en el proceso de ense\u00f1anza-aprendizaje, pero las escuelas est\u00e1n abiertas y el personal docente contin\u00faa en sus horarios. Lo \u00fanico que cambia son las actividades que se desarrollan\u00bb, se\u00f1al\u00f3 la entrevistada.<\/p>\n<aside class=\"relacionadas con-foto linea-1078\"><strong class=\"relacionadas-titulo-gral\">Noticias Relacionadas<\/strong><\/aside>\n<figure class=\"image\"><img loading=\"lazy\" decoding=\"async\" alt=\"\" height=\"501\" src=\"https:\/\/heraldodemexico.com.mx\/u\/fotografias\/m\/2026\/7\/8\/f768x1-1304765_1304892_5050.jpeg\" width=\"768\"\/>&#13;<figcaption>La funcionaria indic\u00f3 que no se har\u00e1n modificaciones al calendario escolar. FOTO: Adona\u00ed Dur\u00e1n.<\/figcaption>&#13;<br \/>\n<\/figure>\n<h2>Pide no hacer caso\u00a0 calendarios escolares falsos en Nayarit<\/h2>\n<p><strong>Manjarr\u00e9s Valle <\/strong>destac\u00f3 que, durante estos \u00faltimos d\u00edas del <strong>calendario escolar<\/strong>, las y los <strong>docentes <\/strong>contin\u00faan realizando actividades formativas, recreativas y de cierre de <strong>ciclo <\/strong>con el prop\u00f3sito de mantener la <strong>asistencia <\/strong>del <strong>alumnado <\/strong>hasta la conclusi\u00f3n oficial del periodo lectivo.<\/p>\n<p>Asimismo, inform\u00f3 que todav\u00eda no ha sido publicado el <strong>calendario escolar oficial para el ciclo 2026-2027<\/strong>, por lo que cualquier fecha que circule de manera anticipada carece de car\u00e1cter oficial hasta que sea emitida por las <strong>autoridades educativas<\/strong>.<\/p>\n<p>En <strong>Nayarit<\/strong>, m\u00e1s de 230 mil alumnas y alumnos de <strong>educaci\u00f3n b\u00e1sica<\/strong>, distribuidos en m\u00e1s de 2500 escuelas, concluir\u00e1n el <strong>ciclo escolar<\/strong> una vez que finalicen las actividades programadas el pr\u00f3ximo 15 de julio, para posteriormente iniciar el periodo vacacional de verano.<\/p>\n<\/p><\/div>\n<\/p><\/div>\n<p><script>\n    !function(f,b,e,v,n,t,s)\n    {if(f.fbq)return;n=f.fbq=function(){n.callMethod?\n    n.callMethod.apply(n,arguments):n.queue.push(arguments)};\n    if(!f._fbq)f._fbq=n;n.push=n;n.loaded=!0;n.version='2.0';\n    n.queue=[];t=b.createElement(e);t.async=!0;\n    t.src=v;s=b.getElementsByTagName(e)[0];\n    s.parentNode.insertBefore(t,s)}(window, document,'script',\n    'https:\/\/connect.facebook.net\/en_US\/fbevents.js');\n    fbq('init', '237927003583820');\n    fbq('track', 'PageView');\n  <\/script><script>\n    !function(f,b,e,v,n,t,s)\n    {if(f.fbq)return;n=f.fbq=function(){n.callMethod?\n    n.callMethod.apply(n,arguments):n.queue.push(arguments)};\n    if(!f._fbq)f._fbq=n;n.push=n;n.loaded=!0;n.version='2.0';\n    n.queue=[];t=b.createElement(e);t.async=!0;\n    t.src=v;s=b.getElementsByTagName(e)[0];\n    s.parentNode.insertBefore(t,s)}(window, document,'script',\n    'https:\/\/connect.facebook.net\/en_US\/fbevents.js');\n    fbq('init', '802372280934901');\n    fbq('track', 'PageView');\n    <\/script><br \/>\n<br \/><\/p>\n","protected":false},"excerpt":{"rendered":"<p>Aunque en muchas escuelas primarias de Nayarit ya se entregaron boletas de calificaciones e incluso se realizaron ceremonias de graduaci\u00f3n y clausuras de fin de cursos, el ciclo escolar a\u00fan no concluye. La secretaria de Educaci\u00f3n en el estado, Mirna Manjarr\u00e9s Valle, reiter\u00f3 que el mi\u00e9rcoles 15 de julio es el \u00faltimo d\u00eda de clases [&hellip;]<\/p>\n","protected":false},"author":2,"featured_media":4765,"comment_status":"","ping_status":"","sticky":false,"template":"","format":"standard","meta":{"footnotes":""},"categories":[2],"tags":[],"class_list":["post-4764","post","type-post","status-publish","format-standard","has-post-thumbnail","hentry","category-local"],"_links":{"self":[{"href":"https:\/\/conexion-mx.com\/index.php?rest_route=\/wp\/v2\/posts\/4764","targetHints":{"allow":["GET"]}}],"collection":[{"href":"https:\/\/conexion-mx.com\/index.php?rest_route=\/wp\/v2\/posts"}],"about":[{"href":"https:\/\/conexion-mx.com\/index.php?rest_route=\/wp\/v2\/types\/post"}],"author":[{"embeddable":true,"href":"https:\/\/conexion-mx.com\/index.php?rest_route=\/wp\/v2\/users\/2"}],"replies":[{"embeddable":true,"href":"https:\/\/conexion-mx.com\/index.php?rest_route=%2Fwp%2Fv2%2Fcomments&post=4764"}],"version-history":[{"count":0,"href":"https:\/\/conexion-mx.com\/index.php?rest_route=\/wp\/v2\/posts\/4764\/revisions"}],"wp:featuredmedia":[{"embeddable":true,"href":"https:\/\/conexion-mx.com\/index.php?rest_route=\/wp\/v2\/media\/4765"}],"wp:attachment":[{"href":"https:\/\/conexion-mx.com\/index.php?rest_route=%2Fwp%2Fv2%2Fmedia&parent=4764"}],"wp:term":[{"taxonomy":"category","embeddable":true,"href":"https:\/\/conexion-mx.com\/index.php?rest_route=%2Fwp%2Fv2%2Fcategories&post=4764"},{"taxonomy":"post_tag","embeddable":true,"href":"https:\/\/conexion-mx.com\/index.php?rest_route=%2Fwp%2Fv2%2Ftags&post=4764"}],"curies":[{"name":"wp","href":"https:\/\/api.w.org\/{rel}","templated":true}]}}