{"id":4770,"date":"2026-07-09T04:46:59","date_gmt":"2026-07-09T09:46:59","guid":{"rendered":"https:\/\/conexion-mx.com\/?p=4770"},"modified":"2026-07-09T04:46:59","modified_gmt":"2026-07-09T09:46:59","slug":"venezolanos-en-cancun-reciben-entre-aplausos-a-rescatistas-que-viajaron-a-venezuela","status":"publish","type":"post","link":"https:\/\/conexion-mx.com\/?p=4770","title":{"rendered":"Venezolanos en Canc\u00fan reciben entre aplausos a rescatistas que viajaron a Venezuela"},"content":{"rendered":"<p> <br \/>\n<\/p>\n<div>\n<p>M\u00faltiples integrantes de la comunidad venezolana de Canc\u00fan se congregaron en la <strong>terminal 2 del Aeropuerto Internacional de Canc\u00fan<\/strong> (<strong>AIC<\/strong>) con un solo prop\u00f3sito: recibir a los brigadistas que hace m\u00e1s de una semana partieron con destino a <strong>La Guaira<\/strong> para ayudar en las labores de rescate tras los sismos.<\/p>\n<p>Si bien la hora estimada de arribo se retras\u00f3, esto no import\u00f3 a las decenas de personas, quienes esperaron el arribo de los voluntarios en medio de una ola de calor. Despu\u00e9s de las <strong>dos de la tarde<\/strong> comenzaron a salir los primeros rescatistas, y la euforia contagi\u00f3 a los turistas y pasajeros que circulaban en la terminal, quienes se unieron a los aplausos.<\/p>\n<aside class=\"htmlinline\"\/>\n<blockquote><p>&#13;<\/p>\n<p>\u201cNosotros que estamos en M\u00e9xico no tenemos palabras, perdona que me emocione, para agradecer a M\u00e9xico, a los <strong>Topos de M\u00e9xico<\/strong>, a la gente de Canc\u00fan que fueron nuestras manos all\u00e1\u201d, indic\u00f3 <strong>Mary Fern\u00e1ndez<\/strong>.<\/p>\n<aside class=\"relacionadas con-foto linea-1078\"><strong class=\"relacionadas-titulo-gral\">Noticias Relacionadas<\/strong><\/aside>\n<p>&#13;\n<\/p><\/blockquote>\n<p>Entre los asistentes tambi\u00e9n se encontraban familias y amigos de los rescatistas, quienes se mostraban impacientes por poderlos abrazar de nuevo y externarles su orgullo por la labor hecha en el pa\u00eds latinoamericano.<\/p>\n<blockquote><p>&#13;<\/p>\n<p>\u201cNos comunic\u00e1bamos cuando ella ten\u00eda tiempo. Estaba preocupada, pero contenta porque es lo que le gusta hacer\u201d, dijo la mam\u00e1 de <strong>Citlali P\u00e9rez<\/strong>, quien fue recibida con flores por sus hijos de <strong>14 y 3 a\u00f1os<\/strong>.<\/p>\n<p>&#13;\n<\/p><\/blockquote>\n<p>Los elementos forman parte de equipos de voluntarios conformados por la <strong>Brigada de Rescate Internacional Canc\u00fan<\/strong> (<strong>BRIC<\/strong>), <strong>B\u00fasqueda y Rescate Quintana Roo<\/strong> (<strong>BREC K9<\/strong>), <strong>Topos de M\u00e9xico<\/strong> y <strong>Search and Rescue M\u00e9xico<\/strong> (<strong>SAR MX<\/strong>), quienes viajaron en compa\u00f1\u00eda de <strong>cinco binomios caninos<\/strong>.<\/p>\n<p><strong>Jean Uribe<\/strong>, responsable del \u00e1rea canina de <strong>BRIC<\/strong>, comparti\u00f3 su experiencia en <strong>La Guaira<\/strong>, y record\u00f3 que adem\u00e1s del nivel de devastaci\u00f3n, la tragedia se intensific\u00f3 ya que muchas personas no pudieron salir a tiempo de sus viviendas.<\/p>\n<p>En el caso de esta Brigada, se inform\u00f3 que tuvieron participaci\u00f3n en m\u00e1s de <strong>20 estructuras<\/strong> y pudieron localizar a alrededor de <strong>40 personas<\/strong>.&#13;<br \/>\n&#13;\n<\/p>\n<blockquote><p>&#13;<\/p>\n<p>\u201cEs impactante ver todo lo que pas\u00f3, ver familias completas que perdieron hogares, y familias completas que perdieron a sus seres queridos. No somos de piedra, es algo que s\u00ed nos llega y es complicado muchas veces\u201d, dijo y a\u00f1adi\u00f3 que recibir\u00e1n <strong>atenci\u00f3n psicol\u00f3gica<\/strong> en las pr\u00f3ximas semanas.&#13;\n<\/p>\n<\/blockquote><\/div>\n<p><script>\n    !function(f,b,e,v,n,t,s)\n    {if(f.fbq)return;n=f.fbq=function(){n.callMethod?\n    n.callMethod.apply(n,arguments):n.queue.push(arguments)};\n    if(!f._fbq)f._fbq=n;n.push=n;n.loaded=!0;n.version='2.0';\n    n.queue=[];t=b.createElement(e);t.async=!0;\n    t.src=v;s=b.getElementsByTagName(e)[0];\n    s.parentNode.insertBefore(t,s)}(window, document,'script',\n    'https:\/\/connect.facebook.net\/en_US\/fbevents.js');\n    fbq('init', '237927003583820');\n    fbq('track', 'PageView');\n  <\/script><script>\n    !function(f,b,e,v,n,t,s)\n    {if(f.fbq)return;n=f.fbq=function(){n.callMethod?\n    n.callMethod.apply(n,arguments):n.queue.push(arguments)};\n    if(!f._fbq)f._fbq=n;n.push=n;n.loaded=!0;n.version='2.0';\n    n.queue=[];t=b.createElement(e);t.async=!0;\n    t.src=v;s=b.getElementsByTagName(e)[0];\n    s.parentNode.insertBefore(t,s)}(window, document,'script',\n    'https:\/\/connect.facebook.net\/en_US\/fbevents.js');\n    fbq('init', '802372280934901');\n    fbq('track', 'PageView');\n    <\/script><br \/>\n<br \/><\/p>\n","protected":false},"excerpt":{"rendered":"<p>M\u00faltiples integrantes de la comunidad venezolana de Canc\u00fan se congregaron en la terminal 2 del Aeropuerto Internacional de Canc\u00fan (AIC) con un solo prop\u00f3sito: recibir a los brigadistas que hace m\u00e1s de una semana partieron con destino a La Guaira para ayudar en las labores de rescate tras los sismos. Si bien la hora estimada [&hellip;]<\/p>\n","protected":false},"author":4,"featured_media":4771,"comment_status":"","ping_status":"","sticky":false,"template":"","format":"standard","meta":{"footnotes":""},"categories":[36],"tags":[],"class_list":["post-4770","post","type-post","status-publish","format-standard","has-post-thumbnail","hentry","category-tecnologia"],"_links":{"self":[{"href":"https:\/\/conexion-mx.com\/index.php?rest_route=\/wp\/v2\/posts\/4770","targetHints":{"allow":["GET"]}}],"collection":[{"href":"https:\/\/conexion-mx.com\/index.php?rest_route=\/wp\/v2\/posts"}],"about":[{"href":"https:\/\/conexion-mx.com\/index.php?rest_route=\/wp\/v2\/types\/post"}],"author":[{"embeddable":true,"href":"https:\/\/conexion-mx.com\/index.php?rest_route=\/wp\/v2\/users\/4"}],"replies":[{"embeddable":true,"href":"https:\/\/conexion-mx.com\/index.php?rest_route=%2Fwp%2Fv2%2Fcomments&post=4770"}],"version-history":[{"count":0,"href":"https:\/\/conexion-mx.com\/index.php?rest_route=\/wp\/v2\/posts\/4770\/revisions"}],"wp:featuredmedia":[{"embeddable":true,"href":"https:\/\/conexion-mx.com\/index.php?rest_route=\/wp\/v2\/media\/4771"}],"wp:attachment":[{"href":"https:\/\/conexion-mx.com\/index.php?rest_route=%2Fwp%2Fv2%2Fmedia&parent=4770"}],"wp:term":[{"taxonomy":"category","embeddable":true,"href":"https:\/\/conexion-mx.com\/index.php?rest_route=%2Fwp%2Fv2%2Fcategories&post=4770"},{"taxonomy":"post_tag","embeddable":true,"href":"https:\/\/conexion-mx.com\/index.php?rest_route=%2Fwp%2Fv2%2Ftags&post=4770"}],"curies":[{"name":"wp","href":"https:\/\/api.w.org\/{rel}","templated":true}]}}