{"id":4772,"date":"2026-07-09T08:32:45","date_gmt":"2026-07-09T13:32:45","guid":{"rendered":"https:\/\/conexion-mx.com\/?p=4772"},"modified":"2026-07-09T08:32:45","modified_gmt":"2026-07-09T13:32:45","slug":"la-mananera-del-pueblo-de-claudia-sheinbaum-hoy-jueves-9-de-julio-en-vivo","status":"publish","type":"post","link":"https:\/\/conexion-mx.com\/?p=4772","title":{"rendered":"La Ma\u00f1anera del Pueblo de Claudia Sheinbaum hoy jueves 9 de julio | EN VIVO"},"content":{"rendered":"<p> <br \/>\n<\/p>\n<div itemprop=\"articleBody\">\n<div class=\"txt_contenido\">\n<p>La presidenta <strong>Claudia Sheinbaum Pardo<\/strong> presentar\u00e1 desde <strong>Palacio Nacional<\/strong> los temas de inter\u00e9s nacional en compa\u00f1\u00eda con integrantes de su <strong>Gabinete Federal<\/strong>. Ante <strong>trabajadores<\/strong> de la prensa, la mandataria responder\u00e1 cuestionamientos sobre programas de salud, inseguridad, obras de movilidad, negociaciones comerciales y relaciones diplom\u00e1ticas.\u00a0<\/p>\n<p>\u00a0<\/p>\n<aside class=\"htmlinline\"\/><\/div>\n<\/p><\/div>\n<p><script>\n    !function(f,b,e,v,n,t,s)\n    {if(f.fbq)return;n=f.fbq=function(){n.callMethod?\n    n.callMethod.apply(n,arguments):n.queue.push(arguments)};\n    if(!f._fbq)f._fbq=n;n.push=n;n.loaded=!0;n.version='2.0';\n    n.queue=[];t=b.createElement(e);t.async=!0;\n    t.src=v;s=b.getElementsByTagName(e)[0];\n    s.parentNode.insertBefore(t,s)}(window, document,'script',\n    'https:\/\/connect.facebook.net\/en_US\/fbevents.js');\n    fbq('init', '237927003583820');\n    fbq('track', 'PageView');\n  <\/script><script>\n    !function(f,b,e,v,n,t,s)\n    {if(f.fbq)return;n=f.fbq=function(){n.callMethod?\n    n.callMethod.apply(n,arguments):n.queue.push(arguments)};\n    if(!f._fbq)f._fbq=n;n.push=n;n.loaded=!0;n.version='2.0';\n    n.queue=[];t=b.createElement(e);t.async=!0;\n    t.src=v;s=b.getElementsByTagName(e)[0];\n    s.parentNode.insertBefore(t,s)}(window, document,'script',\n    'https:\/\/connect.facebook.net\/en_US\/fbevents.js');\n    fbq('init', '802372280934901');\n    fbq('track', 'PageView');\n    <\/script><br \/>\n<br \/><\/p>\n","protected":false},"excerpt":{"rendered":"<p>La presidenta Claudia Sheinbaum Pardo presentar\u00e1 desde Palacio Nacional los temas de inter\u00e9s nacional en compa\u00f1\u00eda con integrantes de su Gabinete Federal. Ante trabajadores de la prensa, la mandataria responder\u00e1 cuestionamientos sobre programas de salud, inseguridad, obras de movilidad, negociaciones comerciales y relaciones diplom\u00e1ticas.\u00a0 \u00a0<\/p>\n","protected":false},"author":2,"featured_media":4773,"comment_status":"","ping_status":"","sticky":false,"template":"","format":"standard","meta":{"footnotes":""},"categories":[2],"tags":[],"class_list":["post-4772","post","type-post","status-publish","format-standard","has-post-thumbnail","hentry","category-local"],"_links":{"self":[{"href":"https:\/\/conexion-mx.com\/index.php?rest_route=\/wp\/v2\/posts\/4772","targetHints":{"allow":["GET"]}}],"collection":[{"href":"https:\/\/conexion-mx.com\/index.php?rest_route=\/wp\/v2\/posts"}],"about":[{"href":"https:\/\/conexion-mx.com\/index.php?rest_route=\/wp\/v2\/types\/post"}],"author":[{"embeddable":true,"href":"https:\/\/conexion-mx.com\/index.php?rest_route=\/wp\/v2\/users\/2"}],"replies":[{"embeddable":true,"href":"https:\/\/conexion-mx.com\/index.php?rest_route=%2Fwp%2Fv2%2Fcomments&post=4772"}],"version-history":[{"count":0,"href":"https:\/\/conexion-mx.com\/index.php?rest_route=\/wp\/v2\/posts\/4772\/revisions"}],"wp:featuredmedia":[{"embeddable":true,"href":"https:\/\/conexion-mx.com\/index.php?rest_route=\/wp\/v2\/media\/4773"}],"wp:attachment":[{"href":"https:\/\/conexion-mx.com\/index.php?rest_route=%2Fwp%2Fv2%2Fmedia&parent=4772"}],"wp:term":[{"taxonomy":"category","embeddable":true,"href":"https:\/\/conexion-mx.com\/index.php?rest_route=%2Fwp%2Fv2%2Fcategories&post=4772"},{"taxonomy":"post_tag","embeddable":true,"href":"https:\/\/conexion-mx.com\/index.php?rest_route=%2Fwp%2Fv2%2Ftags&post=4772"}],"curies":[{"name":"wp","href":"https:\/\/api.w.org\/{rel}","templated":true}]}}