{"id":4776,"date":"2026-07-09T13:31:19","date_gmt":"2026-07-09T18:31:19","guid":{"rendered":"https:\/\/conexion-mx.com\/?p=4776"},"modified":"2026-07-09T13:31:19","modified_gmt":"2026-07-09T18:31:19","slug":"donde-venden-las-pinatas-de-memo-ochoa-quinones-y-raul-jimenez-asi-luce-la-decoracion-mas-viral-tras-el-mundial-de-mexico","status":"publish","type":"post","link":"https:\/\/conexion-mx.com\/?p=4776","title":{"rendered":"\u00bfD\u00f3nde venden las PI\u00d1ATAS de Memo Ochoa, Qui\u00f1ones y Ra\u00fal Jim\u00e9nez? As\u00ed luce la decoraci\u00f3n m\u00e1s viral tras el Mundial de M\u00e9xico"},"content":{"rendered":"<p> <br \/>\n<\/p>\n<div>\n<p>El <strong>Mundial <\/strong>celebrado en <strong>M\u00e9xico <\/strong>este\u00a0a\u00f1o y que dej\u00f3 a la <strong>Selecci\u00f3n Mexicana <\/strong>como una de las favoritas pese a que no clasific\u00f3 para los cuartos de final, sigue dando mucho de qu\u00e9 hablar y los <strong>comerciantes mexicanos<\/strong> han aprovechado la fiebre mundialista para sacar a relucir sus <strong>productos <\/strong>y su talento; un claro ejemplo es el de los <strong>artesanos<\/strong>, quienes han puesto a la venta una serie de <strong>pi\u00f1atas<\/strong>.\u00a0<\/p>\n<p>Tal y como lo lees, los <strong>artesanos mexicanos<\/strong> ya lanzaron varios dise\u00f1os de <strong>pi\u00f1atas <\/strong>que recuerdan y honran a algunos de los <strong>miembros de la Selecci\u00f3n Mexicana<\/strong> al convertirlos en <strong>pi\u00f1atas<\/strong>, uno de los elementos m\u00e1s caracter\u00edsticos de nuestra cultura como mexicanos y que est\u00e1n presentes en las fiestas para romperse y a cambio recibir dulces, frutas y hasta dinero.\u00a0<\/p>\n<aside class=\"htmlinline\"\/>\n<figure class=\"image\"><img loading=\"lazy\" decoding=\"async\" alt=\"\" height=\"1250\" src=\"https:\/\/heraldodemexico.com.mx\/u\/fotografias\/m\/2026\/7\/9\/f768x1-1305125_1305252_5050.png\" width=\"768\"\/>&#13;<figcaption>\u00a1Qui\u00f1ones ya es pi\u00f1ata! (Foto: IG @tu_pinata_oficial)<\/figcaption>&#13;<br \/>\n<\/figure>\n<p>Y luego de que se hicieron <strong>virales <\/strong>los <strong>dise\u00f1os <\/strong>que dejan ver a <strong>Memo Ochoa, Juli\u00e1n Qui\u00f1ones, Ra\u00fal Jim\u00e9nez, as\u00ed como de la Copa del Mundial y de Zayu<\/strong> -la mascota mexicana que se eligi\u00f3 para esta justa deportiva que representa un jaguar y cuyo significado est\u00e1 relacionado a la uni\u00f3n, fortaleza y alegr\u00eda-, una de la preguntas m\u00e1s comunes es d\u00f3nde encontrarlas y aqu\u00ed te lo contamos.\u00a0<\/p>\n<h2>\u00bfCu\u00e1nto cuestan las pi\u00f1atas del Mundial?<\/h2>\n<p>Estas obras de arte fueron<strong> dise\u00f1adas por los artesanos de \u2018Tu Pi\u00f1ata\u2019, <\/strong>quienes las tienen disponibles en <strong>Guadalajara, Jalisco<\/strong>. Cabe destacar que luego de que los <strong>artesanos <\/strong>compartieron los maravillosos dise\u00f1os a trav\u00e9s de redes sociales, las <strong>pi\u00f1atas <\/strong>causaron furor ente la afici\u00f3n mexicana, quien sigue celebrando los triunfos durante el Mundial.\u00a0<\/p>\n<figure class=\"image\"><img loading=\"lazy\" decoding=\"async\" alt=\"\" height=\"1359\" src=\"https:\/\/heraldodemexico.com.mx\/u\/fotografias\/m\/2026\/7\/9\/f768x1-1305126_1305253_5050.png\" width=\"768\"\/>&#13;<figcaption>La pi\u00f1ata de Memo Ochoa se volvi\u00f3 viral en redes.\u00a0(Foto: IG @tu_pinata_oficial)<\/figcaption>&#13;<br \/>\n<\/figure>\n<p>En entrevista con <strong>El Heraldo de M\u00e9xico Edrei y Jos\u00e9<\/strong>,\u00a0los <strong>artesanos y fundadores de \u2018Tu pi\u00f1ata\u2019<\/strong>, quienes salieron en el programa de Netflix, \u201c\u00a1Dale, dale, dale!\u201d, nos detallaron cu\u00e1nto cuesta cada pi\u00f1ata, las medidas que tienen y de d\u00f3nde surgi\u00f3 la idea de poner las figuras de <strong>Memo Ochoa, Juli\u00e1n Qui\u00f1ones y Ra\u00fal Jim\u00e9nez,<\/strong> pues aunque es obvio que del <strong>Mundial<\/strong>, lo cierto es que fue el resultado de los festejos de la afici\u00f3n.\u00a0<\/p>\n<ul>&#13;<\/p>\n<li><strong>Precios<\/strong>: Var\u00eda seg\u00fan el dise\u00f1o, pero los modelos de un metro de alto <strong>pueden ir entre 850 y 1,200 pesos.\u00a0<\/strong><\/li>\n<p>&#13;<\/p>\n<li>Adem\u00e1s de los dise\u00f1os de las fotos virales, se pueden agregar balones y otros elementos, aunque para estos casos el costo incrementa.\u00a0<\/li>\n<p>&#13;\n<\/ul>\n<figure class=\"image\"><img loading=\"lazy\" decoding=\"async\" alt=\"\" height=\"1393\" src=\"https:\/\/heraldodemexico.com.mx\/u\/fotografias\/m\/2026\/7\/9\/f768x1-1305127_1305254_5050.png\" width=\"768\"\/>&#13;<figcaption>Los artesanos mencionaron que han creado pi\u00f1atas para Eugenio Derbez y Sof\u00eda Ni\u00f1o de Rivera.\u00a0(Foto: IG @tu_pinata_oficial)<\/figcaption>&#13;<br \/>\n<\/figure>\n<p>De acuerdo con lo que los <strong>j\u00f3venes emprendedores <\/strong>detr\u00e1s de este proyecto revelaron a<strong> El Heraldo de M\u00e9xico<\/strong>, la motivaci\u00f3n de estos dise\u00f1os futboleros y mundialistas lleg\u00f3 despu\u00e9s de que un cliente mand\u00f3 a hacer su pi\u00f1ata y ante la solicitud de llevar los <strong>dise\u00f1os a La Glorieta La Minerva, en Guadalajara,<\/strong> donde la afici\u00f3n se reuni\u00f3 en cada partido de la Selecci\u00f3n Mexicana.\u00a0<\/p>\n<blockquote><p>&#13;<\/p>\n<p>\u201cEn esta ocasi\u00f3n un cliente nos pidi\u00f3 una<strong> pi\u00f1ata de Zayu<\/strong> y a partir de eso, toda la gente nos empez\u00f3 a preguntar por ciertos futbolistas y decidimos hacer algunos de los m\u00e1s comentados; el \u00faltimo fue para un festejo aqu\u00ed en <strong>La Minerva <\/strong>y creo que ha sido el de m\u00e1s auge\u201d, cont\u00f3 uno de los fundadores del proyecto.<\/p>\n<p>&#13;\n<\/p><\/blockquote>\n<figure class=\"image\"><img loading=\"lazy\" decoding=\"async\" alt=\"\" height=\"1297\" src=\"https:\/\/heraldodemexico.com.mx\/u\/fotografias\/m\/2026\/7\/9\/f768x1-1305128_1305255_5050.png\" width=\"768\"\/>&#13;<figcaption>Zayu fue la primera pi\u00f1ata de la temporada mundialista. (Foto: IG @tu_pinata_oficial)<\/figcaption>&#13;<br \/>\n<\/figure>\n<p>Tanto as\u00ed que piden a los artesanos que se agreguen dise\u00f1os de m\u00e1s <strong>jugadores<\/strong>, como por ejemplo de Gilberto Mora, quien a sus 17 a\u00f1os se convirti\u00f3 en uno de los favoritos del p\u00fablico por su talento como centrocampista; sin embargo, hasta ahora \u00fanicamente tienen <strong>dise\u00f1os de Juli\u00e1n Qui\u00f1ones,<\/strong> quien en todos los partidos de M\u00e9xico en la Copa Mundial 2026 logr\u00f3 meter un gol pot partido.\u00a0&#13;<br \/>\n&#13;\n<\/p>\n<p>Asimismo, destacan los<strong> dise\u00f1os de Ra\u00fal Jim\u00e9nez y de Memo Ochoa, as\u00ed como de Zayu y de una Copa del mundo;<\/strong> se debe a\u00f1adir que mientras los futbolistas llevan sus playeras tricolor, el arquero luce un traje azul.\u00a0&#13;<br \/>\n&#13;<br \/>\n&#13;\n                                <\/p>\n<\/p><\/div>\n<p><script>\n    !function(f,b,e,v,n,t,s)\n    {if(f.fbq)return;n=f.fbq=function(){n.callMethod?\n    n.callMethod.apply(n,arguments):n.queue.push(arguments)};\n    if(!f._fbq)f._fbq=n;n.push=n;n.loaded=!0;n.version='2.0';\n    n.queue=[];t=b.createElement(e);t.async=!0;\n    t.src=v;s=b.getElementsByTagName(e)[0];\n    s.parentNode.insertBefore(t,s)}(window, document,'script',\n    'https:\/\/connect.facebook.net\/en_US\/fbevents.js');\n    fbq('init', '237927003583820');\n    fbq('track', 'PageView');\n  <\/script><script>\n    !function(f,b,e,v,n,t,s)\n    {if(f.fbq)return;n=f.fbq=function(){n.callMethod?\n    n.callMethod.apply(n,arguments):n.queue.push(arguments)};\n    if(!f._fbq)f._fbq=n;n.push=n;n.loaded=!0;n.version='2.0';\n    n.queue=[];t=b.createElement(e);t.async=!0;\n    t.src=v;s=b.getElementsByTagName(e)[0];\n    s.parentNode.insertBefore(t,s)}(window, document,'script',\n    'https:\/\/connect.facebook.net\/en_US\/fbevents.js');\n    fbq('init', '1188480345046653');\n    fbq('track', 'PageView');\n    <\/script><br \/>\n<br \/><\/p>\n","protected":false},"excerpt":{"rendered":"<p>El Mundial celebrado en M\u00e9xico este\u00a0a\u00f1o y que dej\u00f3 a la Selecci\u00f3n Mexicana como una de las favoritas pese a que no clasific\u00f3 para los cuartos de final, sigue dando mucho de qu\u00e9 hablar y los comerciantes mexicanos han aprovechado la fiebre mundialista para sacar a relucir sus productos y su talento; un claro ejemplo [&hellip;]<\/p>\n","protected":false},"author":3,"featured_media":4777,"comment_status":"","ping_status":"","sticky":false,"template":"","format":"standard","meta":{"footnotes":""},"categories":[34],"tags":[],"class_list":["post-4776","post","type-post","status-publish","format-standard","has-post-thumbnail","hentry","category-sociedad"],"_links":{"self":[{"href":"https:\/\/conexion-mx.com\/index.php?rest_route=\/wp\/v2\/posts\/4776","targetHints":{"allow":["GET"]}}],"collection":[{"href":"https:\/\/conexion-mx.com\/index.php?rest_route=\/wp\/v2\/posts"}],"about":[{"href":"https:\/\/conexion-mx.com\/index.php?rest_route=\/wp\/v2\/types\/post"}],"author":[{"embeddable":true,"href":"https:\/\/conexion-mx.com\/index.php?rest_route=\/wp\/v2\/users\/3"}],"replies":[{"embeddable":true,"href":"https:\/\/conexion-mx.com\/index.php?rest_route=%2Fwp%2Fv2%2Fcomments&post=4776"}],"version-history":[{"count":0,"href":"https:\/\/conexion-mx.com\/index.php?rest_route=\/wp\/v2\/posts\/4776\/revisions"}],"wp:featuredmedia":[{"embeddable":true,"href":"https:\/\/conexion-mx.com\/index.php?rest_route=\/wp\/v2\/media\/4777"}],"wp:attachment":[{"href":"https:\/\/conexion-mx.com\/index.php?rest_route=%2Fwp%2Fv2%2Fmedia&parent=4776"}],"wp:term":[{"taxonomy":"category","embeddable":true,"href":"https:\/\/conexion-mx.com\/index.php?rest_route=%2Fwp%2Fv2%2Fcategories&post=4776"},{"taxonomy":"post_tag","embeddable":true,"href":"https:\/\/conexion-mx.com\/index.php?rest_route=%2Fwp%2Fv2%2Ftags&post=4776"}],"curies":[{"name":"wp","href":"https:\/\/api.w.org\/{rel}","templated":true}]}}