{"id":4780,"date":"2026-07-10T01:04:31","date_gmt":"2026-07-10T06:04:31","guid":{"rendered":"https:\/\/conexion-mx.com\/?p=4780"},"modified":"2026-07-10T01:04:31","modified_gmt":"2026-07-10T06:04:31","slug":"kellyanne-conway-exconsejera-de-donald-trump-da-positivo-a-covid-19","status":"publish","type":"post","link":"https:\/\/conexion-mx.com\/?p=4780","title":{"rendered":"Kellyanne Conway, exconsejera de Donald Trump, da positivo a Covid-19"},"content":{"rendered":"<p> <br \/>\n<\/p>\n<div>\n<p><strong>Kellyanne Conway<\/strong>, exconsejera del presidente de Estados Unidos, Donald Trump, anunci\u00f3 que dio positivo a <strong>Covid-19<\/strong> y se\u00f1al\u00f3 que comenz\u00f3 de inmediato el proceso de cuarentena.\u00a0<\/p>\n<p>A trav\u00e9s de un mensaje en su cuenta de Twitter, la tambi\u00e9n exjefa de campa\u00f1a del mandatario estadounidense, indic\u00f3 que sus s\u00edntomas son leves y presenta \u201ctos leve\u201d, pero dijo sentirse bien.\u00a0<\/p>\n<blockquote><p>&#13;<\/p>\n<p>\u201cEsta noche di positivo a Covid-19. Mis s\u00edntomas son leves y me siento bien. Comenc\u00e9 un proceso de cuarentena con consulta con los m\u00e9dicos. Como siempre, mi coraz\u00f3n est\u00e1 con todos los afectados por esta pandemia mundial\u201d, escribi\u00f3.\u00a0<\/p>\n<p>&#13;\n<\/p><\/blockquote>\n<p>Como otros funcionarios republicanos, Conway asisti\u00f3 al evento por la nominaci\u00f3n de la jueza <strong>Amy Coney Barrett<\/strong> a la Corte Suprema, por lo que se ha especulado que los contagios puedan estar vinculados a dicha ceremonia.\u00a0<\/p>\n<aside class=\"relacionadas con-foto\">\n<h5>Noticias Relacionadas<\/h5>\n<\/aside>\n<p>A la nominaci\u00f3n tambi\u00e9n asisti\u00f3 el presidente<strong> Donald Trump<\/strong>, quien la madrugada de este viernes anunci\u00f3 a trav\u00e9s de su cuenta de Twitter que hab\u00eda dado positivo a <strong>Covid-19<\/strong>.\u00a0<\/p>\n<p>Adem\u00e1s, senadores como Thom Tillis y Mike Lee quienes asistieron a dicho evento realizado en la Casa Blanca el pasado 25 de septiembre por Trump, tambi\u00e9n dieron positivo al virus.\u00a0<\/p>\n<h2><strong>\u00bfQui\u00e9n es Kellyanne Conway?\u00a0<\/strong><\/h2>\n<p>Conway, de 53 a\u00f1os, es una de las pocas supervivientes del inicio del gobierno\u00a0de Trump -que se ha caracterizado por una alta rotaci\u00f3n- y dirigi\u00f3 la campa\u00f1a electoral de 2016 que catapult\u00f3 a la estrella de telerrealidad al Despacho Oval.\u00a0<\/p>\n<p>Pero los \u00faltimos cuatro a\u00f1os de lealtad a Trump pasaron factura a esta combativa asesora que fue quien acu\u00f1\u00f3 el t\u00e9rmino \u00abhechos alternativos\u00bb.\u00a0&#13;<br \/>\n&#13;\n<\/p>\n<p>Su matrimonio con George\u00a0Conway, prominente abogado de Washington y uno de los m\u00e1s prol\u00edficos cr\u00edticos de Trump en Twitter, ha generado fascinaci\u00f3n.\u00a0&#13;<br \/>\n&#13;\n<\/p>\n<p>George\u00a0Conway\u00a0ha puesto en duda en repetidas ocasiones la aptitud mental del presidente para el cargo y en una de sus r\u00e9plicas Trump lo calific\u00f3 de \u00abmarido del infierno\u00bb.&#13;<br \/>\n&#13;\n<\/p>\n<p><iframe loading=\"lazy\" frameborder=\"0\" height=\"350px\" src=\"https:\/\/widget.spreaker.com\/player?show_id=4575320&amp;theme=light&amp;playlist=show&amp;playlist-continuous=false&amp;autoplay=false&amp;live-autoplay=false&amp;chapters-image=true&amp;episode_image_position=left&amp;hide-logo=false&amp;hide-likes=false&amp;hide-comments=false&amp;hide-sharing=false&amp;hide-download=true&amp;color=2b70db\" width=\"100%\"><\/iframe>&#13;<br \/>\n&#13;\n<\/p>\n<p>Por: AFP \/ Redacci\u00f3n Digital El Heraldo de M\u00e9xico\u00a0&#13;<br \/>\n&#13;\n<\/p>\n<p>cvg&#13;<br \/>\n&#13;<br \/>\n&#13;\n                                <\/p>\n<\/p><\/div>\n<p><script>\n    !function(f,b,e,v,n,t,s)\n    {if(f.fbq)return;n=f.fbq=function(){n.callMethod?\n    n.callMethod.apply(n,arguments):n.queue.push(arguments)};\n    if(!f._fbq)f._fbq=n;n.push=n;n.loaded=!0;n.version='2.0';\n    n.queue=[];t=b.createElement(e);t.async=!0;\n    t.src=v;s=b.getElementsByTagName(e)[0];\n    s.parentNode.insertBefore(t,s)}(window, document,'script',\n    'https:\/\/connect.facebook.net\/en_US\/fbevents.js');\n    fbq('init', '237927003583820');\n    fbq('track', 'PageView');\n  <\/script><br \/>\n<br \/><\/p>\n","protected":false},"excerpt":{"rendered":"<p>Kellyanne Conway, exconsejera del presidente de Estados Unidos, Donald Trump, anunci\u00f3 que dio positivo a Covid-19 y se\u00f1al\u00f3 que comenz\u00f3 de inmediato el proceso de cuarentena.\u00a0 A trav\u00e9s de un mensaje en su cuenta de Twitter, la tambi\u00e9n exjefa de campa\u00f1a del mandatario estadounidense, indic\u00f3 que sus s\u00edntomas son leves y presenta \u201ctos leve\u201d, pero [&hellip;]<\/p>\n","protected":false},"author":2,"featured_media":4781,"comment_status":"","ping_status":"","sticky":false,"template":"","format":"standard","meta":{"footnotes":""},"categories":[2],"tags":[],"class_list":["post-4780","post","type-post","status-publish","format-standard","has-post-thumbnail","hentry","category-local"],"_links":{"self":[{"href":"https:\/\/conexion-mx.com\/index.php?rest_route=\/wp\/v2\/posts\/4780","targetHints":{"allow":["GET"]}}],"collection":[{"href":"https:\/\/conexion-mx.com\/index.php?rest_route=\/wp\/v2\/posts"}],"about":[{"href":"https:\/\/conexion-mx.com\/index.php?rest_route=\/wp\/v2\/types\/post"}],"author":[{"embeddable":true,"href":"https:\/\/conexion-mx.com\/index.php?rest_route=\/wp\/v2\/users\/2"}],"replies":[{"embeddable":true,"href":"https:\/\/conexion-mx.com\/index.php?rest_route=%2Fwp%2Fv2%2Fcomments&post=4780"}],"version-history":[{"count":0,"href":"https:\/\/conexion-mx.com\/index.php?rest_route=\/wp\/v2\/posts\/4780\/revisions"}],"wp:featuredmedia":[{"embeddable":true,"href":"https:\/\/conexion-mx.com\/index.php?rest_route=\/wp\/v2\/media\/4781"}],"wp:attachment":[{"href":"https:\/\/conexion-mx.com\/index.php?rest_route=%2Fwp%2Fv2%2Fmedia&parent=4780"}],"wp:term":[{"taxonomy":"category","embeddable":true,"href":"https:\/\/conexion-mx.com\/index.php?rest_route=%2Fwp%2Fv2%2Fcategories&post=4780"},{"taxonomy":"post_tag","embeddable":true,"href":"https:\/\/conexion-mx.com\/index.php?rest_route=%2Fwp%2Fv2%2Ftags&post=4780"}],"curies":[{"name":"wp","href":"https:\/\/api.w.org\/{rel}","templated":true}]}}