{"id":4782,"date":"2026-07-10T03:54:51","date_gmt":"2026-07-10T08:54:51","guid":{"rendered":"https:\/\/conexion-mx.com\/?p=4782"},"modified":"2026-07-10T03:54:51","modified_gmt":"2026-07-10T08:54:51","slug":"iphone-plegable-ya-tendria-fecha-de-lanzamiento-cuando-estaria-disponible-y-cuanto-podria-costar","status":"publish","type":"post","link":"https:\/\/conexion-mx.com\/?p=4782","title":{"rendered":"iPhone plegable ya tendr\u00eda fecha de lanzamiento, \u00bfcu\u00e1ndo estar\u00eda disponible y cu\u00e1nto podr\u00eda costar?"},"content":{"rendered":"<p> <br \/>\n<\/p>\n<div>\n<p>El mercado de los tel\u00e9fonos m\u00f3viles registra movimientos inesperados a trav\u00e9s de los reportes de expertos en el sector. El ecosistema de filtradores y analistas tecnol\u00f3gicos coincide en que el primer <strong>iPhone plegable de Apple<\/strong> ya tendr\u00eda su fecha\u00a0de presentaci\u00f3n.<\/p>\n<p>De acuerdo con los datos\u00a0procedentes de los sitios m\u00e1s importantes de rese\u00f1as e informaci\u00f3n tecnol\u00f3gica en <strong>Europa<\/strong> y <strong>Estados Unidos<\/strong>, hasta unos meses exist\u00eda un retraso en el calendario de Apple debido a las\u00a0l\u00edneas de producci\u00f3n por su construcci\u00f3n en masa, pero se solucion\u00f3 de la mejor manera posible<\/p>\n<aside class=\"htmlinline\"\/>\n<h2>\u00bfCu\u00e1ndo se presentar\u00e1 y cu\u00e1ndo estar\u00e1 disponible?<\/h2>\n<p>A diferencia de meses anteriores, la comunidad de analistas se mantiene en un mes exacto, aunque el d\u00eda puede varias. Reiteran que\u00a0Apple anunciar\u00e1 el <strong>iPhone plegable<\/strong> en septiembre. Los rumores apuntan a que el inicio de las ventas comenzar\u00e1 el <strong>8 de septiembre<\/strong>, en el evento de la compa\u00f1\u00eda.<\/p>\n<figure class=\"image\"><img loading=\"lazy\" decoding=\"async\" alt=\"\" height=\"733\" src=\"https:\/\/heraldodemexico.com.mx\/u\/fotografias\/m\/2026\/7\/9\/f768x1-1305282_1305409_5050.png\" width=\"768\"\/>&#13;<figcaption>Estas solo son filtraciones. Cr\u00e9dito: X<\/figcaption>&#13;<br \/>\n<\/figure>\n<p>La apertura de la preventa difiere del momento en que el producto llegar\u00e1 a los compradores. Analistas\u00a0advirtieron que Apple contemplaba una estrategia id\u00e9ntica a la del <strong>iPhone X <\/strong>(presentarlo en septiembre y trasladar los env\u00edos a noviembre) debido a los procesos de fabricaci\u00f3n, especialmente con el <strong>panel<\/strong> y la <strong>bisagra<\/strong>.<\/p>\n<p>Sin embargo, los datos cambiaron durante los \u00faltimos d\u00edas. Fuentes de las f\u00e1bricas, como la firma <strong>CLS<\/strong>, confirmaron que el iPhone plegable entr\u00f3 en <strong>producci\u00f3n en masa<\/strong>. Esto significa que Apple super\u00f3 la <strong>fase de pruebas<\/strong> y ahora ya fabrica las unidades para la venta, lo que disminuye la probabilidad de un retraso en las entregas. Esto, sin embargo, solamente es un rumor y por el momento no hay informaci\u00f3n oficial.<\/p>\n<h2>\u00bfCu\u00e1nto podr\u00eda costar el iPhone plegable?<\/h2>\n<p>Al tratarse del primer dispositivo de esta categor\u00eda dentro de la marca, las estimaciones de precio se sit\u00faan alrededor de lo<strong>s 2 mil 500 euro<\/strong>s. Esto, en pesos mexicanos, son alrededor de <strong>50 mil<\/strong> <strong>pesos<\/strong>, cifra que podr\u00eda subir de acuerdo con las caracter\u00edsticas del tel\u00e9fono como la capacidad de memoria, etc\u00e9tera.\u00a0<\/p>\n<figure class=\"image\"><img loading=\"lazy\" decoding=\"async\" alt=\"\" height=\"635\" src=\"https:\/\/heraldodemexico.com.mx\/u\/fotografias\/m\/2026\/7\/9\/f768x1-1305283_1305410_5050.png\" width=\"768\"\/>&#13;<figcaption>Estas solo son filtraciones. Cr\u00e9dito: X<\/figcaption>&#13;<br \/>\n<\/figure>\n<p>Con este importe, el terminal se ubicar\u00e1 en el segmento de mayor precio del mercado, por encima de las alternativas de la competencia, pues por ahora ya existen varios modelos plegables en marcas como Samsung, Motorola, Nuvia, Huawei, Oppo, entre otros.<\/p>\n<h2>Proyecciones de mercado<\/h2>\n<p>Este dispositivo compartir\u00e1 el escenario de septiembre con los anuncios de los nuevos <strong>iPhone 18 Pro, 18 Pro Max y el Apple Watch<\/strong> <strong>Series 12<\/strong>, productos que completar\u00e1n las novedades de la empresa para el periodo, de acuerdo con los recientes anuncios proyectados por la compa\u00f1\u00eda en sus canales oficiales.&#13;<br \/>\n&#13;<br \/>\n&#13;\n                                <\/p>\n<\/p><\/div>\n<p><script>\n    !function(f,b,e,v,n,t,s)\n    {if(f.fbq)return;n=f.fbq=function(){n.callMethod?\n    n.callMethod.apply(n,arguments):n.queue.push(arguments)};\n    if(!f._fbq)f._fbq=n;n.push=n;n.loaded=!0;n.version='2.0';\n    n.queue=[];t=b.createElement(e);t.async=!0;\n    t.src=v;s=b.getElementsByTagName(e)[0];\n    s.parentNode.insertBefore(t,s)}(window, document,'script',\n    'https:\/\/connect.facebook.net\/en_US\/fbevents.js');\n    fbq('init', '237927003583820');\n    fbq('track', 'PageView');\n  <\/script><br \/>\n<br \/><\/p>\n","protected":false},"excerpt":{"rendered":"<p>El mercado de los tel\u00e9fonos m\u00f3viles registra movimientos inesperados a trav\u00e9s de los reportes de expertos en el sector. El ecosistema de filtradores y analistas tecnol\u00f3gicos coincide en que el primer iPhone plegable de Apple ya tendr\u00eda su fecha\u00a0de presentaci\u00f3n. De acuerdo con los datos\u00a0procedentes de los sitios m\u00e1s importantes de rese\u00f1as e informaci\u00f3n tecnol\u00f3gica [&hellip;]<\/p>\n","protected":false},"author":3,"featured_media":4783,"comment_status":"","ping_status":"","sticky":false,"template":"","format":"standard","meta":{"footnotes":""},"categories":[35],"tags":[],"class_list":["post-4782","post","type-post","status-publish","format-standard","has-post-thumbnail","hentry","category-espectaculos"],"_links":{"self":[{"href":"https:\/\/conexion-mx.com\/index.php?rest_route=\/wp\/v2\/posts\/4782","targetHints":{"allow":["GET"]}}],"collection":[{"href":"https:\/\/conexion-mx.com\/index.php?rest_route=\/wp\/v2\/posts"}],"about":[{"href":"https:\/\/conexion-mx.com\/index.php?rest_route=\/wp\/v2\/types\/post"}],"author":[{"embeddable":true,"href":"https:\/\/conexion-mx.com\/index.php?rest_route=\/wp\/v2\/users\/3"}],"replies":[{"embeddable":true,"href":"https:\/\/conexion-mx.com\/index.php?rest_route=%2Fwp%2Fv2%2Fcomments&post=4782"}],"version-history":[{"count":0,"href":"https:\/\/conexion-mx.com\/index.php?rest_route=\/wp\/v2\/posts\/4782\/revisions"}],"wp:featuredmedia":[{"embeddable":true,"href":"https:\/\/conexion-mx.com\/index.php?rest_route=\/wp\/v2\/media\/4783"}],"wp:attachment":[{"href":"https:\/\/conexion-mx.com\/index.php?rest_route=%2Fwp%2Fv2%2Fmedia&parent=4782"}],"wp:term":[{"taxonomy":"category","embeddable":true,"href":"https:\/\/conexion-mx.com\/index.php?rest_route=%2Fwp%2Fv2%2Fcategories&post=4782"},{"taxonomy":"post_tag","embeddable":true,"href":"https:\/\/conexion-mx.com\/index.php?rest_route=%2Fwp%2Fv2%2Ftags&post=4782"}],"curies":[{"name":"wp","href":"https:\/\/api.w.org\/{rel}","templated":true}]}}