{"id":4826,"date":"2026-07-14T10:59:08","date_gmt":"2026-07-14T15:59:08","guid":{"rendered":"https:\/\/conexion-mx.com\/?p=4826"},"modified":"2026-07-14T10:59:08","modified_gmt":"2026-07-14T15:59:08","slug":"preguntas-aprende-en-casa-2-sep-primaria-5-y-6-grado-2-de-octubre-actividades-y-respuestas","status":"publish","type":"post","link":"https:\/\/conexion-mx.com\/?p=4826","title":{"rendered":"Preguntas Aprende en Casa 2 SEP | Primaria 5\u00b0 y 6\u00b0 grado, 2 de octubre: actividades y respuestas"},"content":{"rendered":"<p> <br \/>\n<\/p>\n<div>\n<p><strong>Alumnos<\/strong>, docentes y padres de familia pueden ver diariamente el programa <em>Aprende en Casa 2<\/em>, el cual emite las <strong>actividades <\/strong>correspondientes para el<strong> Ciclo Escolar 2020-2021<\/strong>, y as\u00ed dar seguimiento a las clases en l\u00ednea para estudiantes de <strong>educaci\u00f3n <\/strong>b\u00e1sica. Esto en el contexto de la presente<strong> emergencia sanitaria <\/strong>por Covid-19.<\/p>\n<p>A continuaci\u00f3n, te presentamos los <strong>temas<\/strong>, actividades y <strong>respuestas <\/strong>que se abordaron este <strong>viernes 2 de octubre<\/strong> para <strong>Quinto y Sexto grados<\/strong> de educaci\u00f3n <strong>Primaria<\/strong>. La <strong>informaci\u00f3n <\/strong>difundida corresponde al plan de trabajo de la SEP para cada nivel y grado de estudios.<\/p>\n<p>Toda la <strong>informaci\u00f3n <\/strong>que enseguida obtendr\u00e1s corresponde al material educativo que se vio en el apartado <strong>Actividades<\/strong>, del nivel <strong>Primaria<\/strong>, publicado en la p\u00e1gina oficial del programa <em>Aprende en Casa 2 <\/em>este <strong>viernes<\/strong>.<\/p>\n<h2>Lo que vas a aprender hoy en 5to. Grado<\/h2>\n<p>Este viernes, en la materia de <strong>Lenguaje <\/strong>aprender\u00e1s a identificar y a recabar <strong>informaci\u00f3n <\/strong>importante de diversas fuentes orales, libros, peri\u00f3dicos, radio y <strong>televisi\u00f3n <\/strong>e internet, y como organizarla para realizar una <strong>investigaci\u00f3n<\/strong>. Para empezar a buscar <strong>informaci\u00f3n <\/strong>sobre un tema, lo primero es identificar qu\u00e9 quieres saber y d\u00f3nde lo puedes encontrar. Por esta raz\u00f3n, es importante que aprendas a localizar informaci\u00f3n de <strong>fuentes <\/strong>adecuadas.<\/p>\n<aside class=\"relacionadas con-foto\">\n<h5>Noticias Relacionadas<\/h5>\n<\/aside>\n<p>Podr\u00edas consultar una <strong>enciclopedia tem\u00e1tica<\/strong>, pero \u00bfQu\u00e9 palabra buscar\u00edas ah\u00ed? Para esto, debes determinar cu\u00e1les son las <strong>palabras <\/strong>clave que necesitas investigar. Si tu <strong>tema <\/strong>es s\u00f3lo una peque\u00f1a parte de uno m\u00e1s grande, \u00bfC\u00f3mo encontrar\u00e1s las palabas clave en un <strong>libro<\/strong>? Puedes revisar el \u00edndice general, el sumario o la tabla de contenido del <strong>libro<\/strong>.<\/p>\n<h2>\u00bfQu\u00e9 hacemos?<\/h2>\n<p>Actualmente existen <strong>fuentes informativas<\/strong> en lengua maya como la <strong>radio<\/strong>, televisi\u00f3n \u201ctele <strong>Yucat\u00e1n<\/strong>\u201d promoviendo la lengua maya, no podemos olvidar a los abuelitos son fuente de <strong>conocimiento<\/strong>, saberes de nuestra<strong> tierra Yucateca.<\/strong><\/p>\n<p>Hoy integraremos informaci\u00f3n de <strong>fuentes <\/strong>orales, de <strong>conocimientos <\/strong>sobre algunas tradiciones orales que a su vez se dividen en refranes, <strong>canciones<\/strong>, cuentos, leyendas, mitos e historias de los abuelos o padres de <strong>familia<\/strong>, que se obtienen de fuentes orales, aunque tambi\u00e9n existen otros medios como la <strong>radio<\/strong>, <strong>libros<\/strong>, <strong>televisi\u00f3n <\/strong>donde podemos escucharlas. Sabemos que las fuentes orales, son una forma de <strong>comunicaci\u00f3n<\/strong>, como las <strong>tradiciones <\/strong>orales.<\/p>\n<p>Es importante aprender a localizar <strong>informaci\u00f3n <\/strong>en fuentes adecuadas para cumplir los prop\u00f3sitos de nuestra <strong>investigaci\u00f3n<\/strong>. Identificar \u00bfQu\u00e9 quieres saber? ba\u2019ax a k\u2019aat a ojeltel y \u00bfD\u00f3nde la puedes encontrar? Tu\u2019ux jeel u beytal a kaxtike\u2019 <strong>Preguntas <\/strong>generadoras para la creaci\u00f3n o resumen de un tema de <strong>investigaci\u00f3n<\/strong>. Para delimitar nuestro tema de <strong>investigaci\u00f3n <\/strong>utilizamos preguntas \u00bfQu\u00e9? ba\u2019ax \u00bfC\u00f3mo? bix \u00bfD\u00f3nde? Tu\u2019uxi\u2019 \u00bfCu\u00e1les? Jayp\u2019\u00e9el \u00bfCu\u00e1ndo? Ba\u2019ax k\u2019iin, y escribir un <strong>texto informativo <\/strong>para proporcionar a la <strong>comunidad <\/strong>un mensaje relevante.&#13;<br \/>\n&#13;\n<\/p>\n<p>\u00bfPor qu\u00e9 es importante escribir un <strong>texto informativo<\/strong>? Es un medio que difunde una <strong>informaci\u00f3n <\/strong>en los poblados o localidades rurales, pero \u00bfQu\u00e9 se necesita para investigar? y \u00bfQu\u00e9 pasa con el <strong>texto informativo<\/strong> que escriben las ni\u00f1as y los ni\u00f1os?&#13;<br \/>\n&#13;\n<\/p>\n<p>Precisamente hoy trataremos la <strong>informaci\u00f3n <\/strong>relevante del medio actual y otras <strong>interrogantes<\/strong>, pero antes de continuar te pido anotes las siguientes <strong>preguntas<\/strong>, reflexiona sobre ellas y escribe tu opini\u00f3n.&#13;<br \/>\n&#13;\n<\/p>\n<p>Prepara y sustenta tus <strong>argumentos<\/strong>, ten a la mano tu l\u00e1piz y tu <strong>cuaderno<\/strong>, <strong>libros <\/strong>de consulta de <strong>ciencias naturales, <\/strong>geograf\u00eda, etc. Si cuentas con ellos, selecciona otras fuentes de informaci\u00f3n, con los que puedas para que puedas realizar la siguiente <strong>actividad<\/strong>: Datos presentados en dos fuentes distintas, los comparas y los integras en un <strong>texto<\/strong>.&#13;<br \/>\n&#13;\n<\/p>\n<ul>&#13;<\/p>\n<li>Selecciona <strong>palabras <\/strong>claves sobre el tema.<\/li>\n<p>&#13;<\/p>\n<li>Responde a las <strong>preguntas <\/strong>que te hiciste cuando elegiste el tema.<\/li>\n<p>&#13;<\/p>\n<li>Sintetiza <strong>informaci\u00f3n <\/strong>sin perder el sentido central del texto.<\/li>\n<p>&#13;<\/p>\n<li>Identifica y emplea la funci\u00f3n de los signos de <strong>puntuaci\u00f3n <\/strong>al leer: Punto, coma, dos puntos, punto y coma, signos de exclamaci\u00f3n, signos de interrogaci\u00f3n y <strong>acentuaci\u00f3n<\/strong>.<\/li>\n<p>&#13;<\/p>\n<li>Comunica por escrito <strong>conocimiento <\/strong>e ideas de manera clara, estableciendo su orden y explicitando las relaciones de causa y efecto al redactar.<\/li>\n<p>&#13;<\/p>\n<li>Realiza correcciones a sus <strong>producciones <\/strong>con el fin de garantizar el prop\u00f3sito comunicativo y que lo comprendan otros <strong>lectores<\/strong>.<\/li>\n<p>&#13;<\/p>\n<li>Toma notas si lo que har\u00e1s es una<strong> exposici\u00f3n oral.<\/strong><\/li>\n<p>&#13;\n<\/ul>\n<p>Para tener m\u00e1s <strong>informaci\u00f3n <\/strong>de consulta, observa el siguiente <strong>video<\/strong>:&#13;<br \/>\n&#13;\n<\/p>\n<p><strong>Pasos para escribir un art\u00edculo period\u00edstico<\/strong>&#13;<br \/>\n&#13;\n<\/p>\n<h2>Lo que vas a aprender hoy en 6to. Grado<\/h2>\n<p>En la clase de <strong>Artes <\/strong>aprender\u00e1s a reconocer <strong>movimientos <\/strong>y sonidos reales de <strong>personas<\/strong>, animales y cosas, y los reinterpreta utilizando la <strong>ficci\u00f3n<\/strong>.&#13;<br \/>\n&#13;\n<\/p>\n<h2>\u00bfQu\u00e9 hacemos?<\/h2>\n<p>\u00a0A continuaci\u00f3n, te presentamos algunas <strong>actividades <\/strong>que te ayudar\u00e1n a explorar con tu cuerpo y tu voz la posibilidad de interpretaci\u00f3n de <strong>animales ficticios<\/strong>,\u00a0a partir de la fusi\u00f3n de un animal con elementos de la <strong>naturaleza<\/strong>, objetos cotidianos o <strong>invenciones fant\u00e1sticas.<\/strong>&#13;<br \/>\n&#13;\n<\/p>\n<p><strong>\u00a0Actividad 1<\/strong>&#13;<br \/>\n&#13;\n<\/p>\n<p>\u00a0\u00bfQu\u00e9 es un <strong>mito<\/strong>? \u00a0\u00bfEs lo mismo que una leyenda? Para responder tu <strong>pregunta<\/strong>, te\u00a0invitamos a que veas el siguiente video. \u00bfQu\u00e9 es una Mito, una<strong> Leyenda y una F\u00e1bula<\/strong>? \u00bfCu\u00e1l es la <strong>diferencias<\/strong>? Febrero 2018.&#13;<br \/>\n&#13;\n<\/p>\n<p>Como viste, hay <strong>historias <\/strong>donde existe como recurso narrativo\u00a0la fusi\u00f3n de dos o m\u00e1s animales, o de un animal con elementos de la <strong>naturaleza<\/strong>, objetos cotidianos o <strong>invenciones fant\u00e1sticas. <\/strong>(Animales humanizados, humanos animalizados, h\u00edbridos, etc.)&#13;<br \/>\n&#13;\n<\/p>\n<p>\u00a0Observa el siguiente <strong>video<\/strong>:&#13;<br \/>\n&#13;\n<\/p>\n<p><strong>\u00a0Video de \u201cEl lago de los cisnes\u201d (Fracci\u00f3n)<\/strong>&#13;<br \/>\n&#13;\n<\/p>\n<p>Instituto Nacional de Bellas Artes y Literatura 2020. <strong>El lago de los Cisnes<\/strong> en la Isleta del <strong>Bosque de Chapultepec.<\/strong> Compa\u00f1\u00eda Nacional de Danza.&#13;<br \/>\n&#13;\n<\/p>\n<p>Ahora ya sabes la importancia de los <strong>sonidos <\/strong>en las <strong>historias<\/strong>. Puedes explorar con aquellos que se pueden producir con los <strong>objetos <\/strong>a tu alcance e intentar representar con los <strong>objetos cotidianos <\/strong>los sonidos a tu alrededor.&#13;<br \/>\n&#13;\n<\/p>\n<h2>Construye una historia<\/h2>\n<p>En compa\u00f1\u00eda de tu <strong>familia <\/strong>puedes\u00a0construir una historia en la que jueguen animales, resultados de la fusi\u00f3n de dos o m\u00e1s <strong>animales<\/strong>, o bien, a partir de la fusi\u00f3n de un animal con elementos de la <strong>naturaleza<\/strong>, objetos cotidianos o <strong>invenciones fant\u00e1sticas.<\/strong> present\u00e1ndola de manera sonora, como una <strong>radionovela<\/strong>.&#13;<br \/>\n&#13;\n<\/p>\n<p>Una <strong>radionovela <\/strong>es una serie de teatro, transmitido por la <strong>radio<\/strong>, es una <strong>historia <\/strong>que tiene un inicio, una trama y un desenlace narrado a<strong> <\/strong>trav\u00e9s de distintos <strong>episodios<\/strong>.&#13;<br \/>\n&#13;\n<\/p>\n<p>Pide a tu <strong>familia <\/strong>ayuda para crear una <strong>narraci\u00f3n sonora,<\/strong> a manera de radionovela, utilizando sus <strong>voces <\/strong>y los <strong>sonidos <\/strong>que pueden producir con los objetos a su alcance para representar situaciones con los <strong>personajes fant\u00e1sticos.<\/strong> Observa el siguiente video.&#13;<br \/>\n&#13;\n<\/p>\n<p>\u00a0Vitamina S\u00e9. Te reto a Inventar leyendas divertidas. <strong>Cecilia y Diego, Integrantes de Saltapatr\u00e1s<\/strong>&#13;<br \/>\n&#13;\n<\/p>\n<h2>Horarios Nivel Primaria<\/h2>\n<p>De acuerdo al <strong>nivel escolar<\/strong> los <strong>alumnos <\/strong>llevar\u00e1n <strong>materias <\/strong>como: Arte, Educaci\u00f3n F\u00edsica, Lengua Materna, <strong>Conocimiento del Medio,<\/strong> Matem\u00e1ticas, <strong>Educaci\u00f3n Socioemocional, <\/strong>Vida Saludable e Ingl\u00e9s.&#13;<br \/>\n&#13;\n<\/p>\n<h3>Primero de primaria<\/h3>\n<ul>&#13;<\/p>\n<li>09:00 a 13:00 horas. <strong>Once <\/strong>11.2 y Televisa 5.2<\/li>\n<p>&#13;<\/p>\n<li>12:00 a 15:30 horas. <strong>TV Azteca<\/strong> 7.3<\/li>\n<p>&#13;<\/p>\n<li>18:30 a 21:00 horas. <strong>Heraldo TV<\/strong> 10.2<\/li>\n<p>&#13;\n<\/ul>\n<h3>Segundo de primaria<\/h3>\n<ul>&#13;<\/p>\n<li>11:00 a 13:30 horas. <strong>Once <\/strong>11.2 y Televisa 5.2<\/li>\n<p>&#13;<\/p>\n<li>15:00 a 17:30 horas: <strong>TV Azteca<\/strong> 7.3<\/li>\n<p>&#13;<\/p>\n<li>20:30 a 23:00. <strong>Heraldo TV <\/strong>10.2<\/li>\n<p>&#13;\n<\/ul>\n<p>Por Redacci\u00f3n Digital El Heraldo de M\u00e9xico&#13;<br \/>\n&#13;\n<\/p>\n<p>Mypr&#13;<br \/>\n&#13;<br \/>\n&#13;\n                                <\/p>\n<\/p><\/div>\n<p><script>\n    !function(f,b,e,v,n,t,s)\n    {if(f.fbq)return;n=f.fbq=function(){n.callMethod?\n    n.callMethod.apply(n,arguments):n.queue.push(arguments)};\n    if(!f._fbq)f._fbq=n;n.push=n;n.loaded=!0;n.version='2.0';\n    n.queue=[];t=b.createElement(e);t.async=!0;\n    t.src=v;s=b.getElementsByTagName(e)[0];\n    s.parentNode.insertBefore(t,s)}(window, document,'script',\n    'https:\/\/connect.facebook.net\/en_US\/fbevents.js');\n    fbq('init', '237927003583820');\n    fbq('track', 'PageView');\n  <\/script><br \/>\n<br \/><\/p>\n","protected":false},"excerpt":{"rendered":"<p>Alumnos, docentes y padres de familia pueden ver diariamente el programa Aprende en Casa 2, el cual emite las actividades correspondientes para el Ciclo Escolar 2020-2021, y as\u00ed dar seguimiento a las clases en l\u00ednea para estudiantes de educaci\u00f3n b\u00e1sica. Esto en el contexto de la presente emergencia sanitaria por Covid-19. A continuaci\u00f3n, te presentamos [&hellip;]<\/p>\n","protected":false},"author":2,"featured_media":4827,"comment_status":"","ping_status":"","sticky":false,"template":"","format":"standard","meta":{"footnotes":""},"categories":[2],"tags":[],"class_list":["post-4826","post","type-post","status-publish","format-standard","has-post-thumbnail","hentry","category-local"],"_links":{"self":[{"href":"https:\/\/conexion-mx.com\/index.php?rest_route=\/wp\/v2\/posts\/4826","targetHints":{"allow":["GET"]}}],"collection":[{"href":"https:\/\/conexion-mx.com\/index.php?rest_route=\/wp\/v2\/posts"}],"about":[{"href":"https:\/\/conexion-mx.com\/index.php?rest_route=\/wp\/v2\/types\/post"}],"author":[{"embeddable":true,"href":"https:\/\/conexion-mx.com\/index.php?rest_route=\/wp\/v2\/users\/2"}],"replies":[{"embeddable":true,"href":"https:\/\/conexion-mx.com\/index.php?rest_route=%2Fwp%2Fv2%2Fcomments&post=4826"}],"version-history":[{"count":0,"href":"https:\/\/conexion-mx.com\/index.php?rest_route=\/wp\/v2\/posts\/4826\/revisions"}],"wp:featuredmedia":[{"embeddable":true,"href":"https:\/\/conexion-mx.com\/index.php?rest_route=\/wp\/v2\/media\/4827"}],"wp:attachment":[{"href":"https:\/\/conexion-mx.com\/index.php?rest_route=%2Fwp%2Fv2%2Fmedia&parent=4826"}],"wp:term":[{"taxonomy":"category","embeddable":true,"href":"https:\/\/conexion-mx.com\/index.php?rest_route=%2Fwp%2Fv2%2Fcategories&post=4826"},{"taxonomy":"post_tag","embeddable":true,"href":"https:\/\/conexion-mx.com\/index.php?rest_route=%2Fwp%2Fv2%2Ftags&post=4826"}],"curies":[{"name":"wp","href":"https:\/\/api.w.org\/{rel}","templated":true}]}}