{"id":4840,"date":"2026-07-15T19:42:47","date_gmt":"2026-07-16T00:42:47","guid":{"rendered":"https:\/\/conexion-mx.com\/?p=4840"},"modified":"2026-07-15T19:42:47","modified_gmt":"2026-07-16T00:42:47","slug":"con-solo-89-minutos-en-netflix-la-pelicula-basada-en-la-llamada-real-de-una-nina-de-6-anos-que-conmovio-al-mundo","status":"publish","type":"post","link":"https:\/\/conexion-mx.com\/?p=4840","title":{"rendered":"Con solo 89 minutos en Netflix: la pel\u00edcula basada en la llamada real de una ni\u00f1a de 6 a\u00f1os que conmovi\u00f3 al mundo"},"content":{"rendered":"<p> <br \/>\n<\/p>\n<div>\n<p><strong>Netflix<\/strong> incorpor\u00f3 a su cat\u00e1logo global la pel\u00edcula \u201cLa voz de Hind Rajab\u201d el pasado 12 de julio de 2026. Dirigida por la cineasta tunecina Kaouther Ben Hania, la obra reconstruye el caso real de una ni\u00f1a palestina de seis a\u00f1os que qued\u00f3 atrapada en un veh\u00edculo bajo fuego en Gaza durante 2024.<\/p>\n<p>La historia se inspira en los eventos que tuvieron lugar el 29 de enero de 2024. Aquel d\u00eda, los voluntarios de la Media Luna Roja recibieron una comunicaci\u00f3n de emergencia de una menor que suplicaba ser rescatada mientras permanec\u00eda rodeada por el conflicto. La <strong>pel\u00edcula<\/strong><strong> <\/strong>utiliza un enfoque \u00edntimo para narrar las consecuencias de la guerra sobre la poblaci\u00f3n civil.<\/p>\n<aside class=\"htmlinline\"\/>\n<h2>La nominaci\u00f3n al Oscar y el impacto de la llamada telef\u00f3nica<\/h2>\n<p>La producci\u00f3n es una coproducci\u00f3n internacional que involucr\u00f3 a pa\u00edses como <strong>Francia, T\u00fanez, Estados Unidos, Reino Unido, Arabia Saud\u00ed y los Territorios Palestinos.<\/strong> Con una duraci\u00f3n de 1 hora y 29 minutos, la pel\u00edcula se aleja de las estructuras tradicionales de acci\u00f3n para centrarse en la reconstrucci\u00f3n dram\u00e1tica de una llamada que dio la vuelta al mundo.<\/p>\n<aside class=\"relacionadas con-foto linea-1078\"><strong class=\"relacionadas-titulo-gral\">Noticias Relacionadas<\/strong><\/aside>\n<p>Desde su presentaci\u00f3n en festivales durante 2025, la cr\u00edtica internacional destac\u00f3 la sensibilidad de la puesta en escena y la interpretaci\u00f3n del elenco principal. La cinta obtuvo una nominaci\u00f3n al <strong>Oscar<\/strong> a Mejor Pel\u00edcula Internacional, adem\u00e1s de candidaturas en los Globos de Oro y los Premios BAFTA. Estos reconocimientos la posicionaron como una de las producciones m\u00e1s premiadas de su a\u00f1o de estreno.<\/p>\n<p>El guion sigue de cerca el intento de rescate por parte de la Media Luna Roja tras recibir la se\u00f1al de auxilio de Hind Rajab. La sinopsis oficial de la <strong>pel\u00edcula <\/strong>detalla que la ni\u00f1a permanec\u00eda en un coche bajo fuego, manteniendo el contacto telef\u00f3nico mientras se gestionaba el env\u00edo de una ambulancia a la zona. El reparto cuenta con las actuaciones de Saja Kilani, Motaz Malhees, Amer Hlehel y Clara Khoury.<\/p>\n<figure class=\"image\"><img loading=\"lazy\" decoding=\"async\" alt=\"\" height=\"432\" src=\"https:\/\/heraldodemexico.com.mx\/u\/fotografias\/m\/2026\/7\/14\/f768x1-1306981_1307108_5050.jpg\" width=\"768\"\/>&#13;<figcaption>La voz de Hind Rajab. Foto: Netflix<\/figcaption>&#13;<br \/>\n<\/figure>\n<p>En Latinoam\u00e9rica, el filme est\u00e1 disponible exclusivamente a trav\u00e9s de <strong>Netflix<\/strong>, mientras que en Estados Unidos se distribuye por plataformas como <strong>HBO Max y Disney Plus<\/strong>. En Espa\u00f1a, la pel\u00edcula se incorpor\u00f3 a los servicios de Movistar Plus y Filmin. La llegada al streaming se produce un a\u00f1o despu\u00e9s de su aclamado recorrido por el circuito de premios cinematogr\u00e1ficos internacionales.<\/p>\n<p>La obra estrenada en <strong>Netflix<\/strong> reconstruye un episodio espec\u00edfico que conmocion\u00f3 a la opini\u00f3n p\u00fablica por la naturaleza del registro sonoro original. La direcci\u00f3n de Ben Hania pone el foco en el factor humano de los rescatistas y la desesperaci\u00f3n de la v\u00edctima civil. El estreno ha generado un nuevo inter\u00e9s por el caso real que inspir\u00f3 la producci\u00f3n, consolid\u00e1ndose como un t\u00edtulo central en el cat\u00e1logo de julio.<\/p>\n<p><strong>SIGUE LEYENDO:<\/strong>&#13;<br \/>\n&#13;\n<\/p>\n<p><strong>Con solo 1 hora y media en Netflix: el thriller de infidelidades que esconde un asesinato<\/strong>&#13;<br \/>\n&#13;\n<\/p>\n<p><strong>Con 12 cap\u00edtulos en Netflix: la serie basada en la verdadera historia de la emperatriz Sissi que tendr\u00e1 nueva temporada<\/strong>&#13;<br \/>\n&#13;<br \/>\n&#13;\n                                <\/p>\n<\/p><\/div>\n<p><script>\n    !function(f,b,e,v,n,t,s)\n    {if(f.fbq)return;n=f.fbq=function(){n.callMethod?\n    n.callMethod.apply(n,arguments):n.queue.push(arguments)};\n    if(!f._fbq)f._fbq=n;n.push=n;n.loaded=!0;n.version='2.0';\n    n.queue=[];t=b.createElement(e);t.async=!0;\n    t.src=v;s=b.getElementsByTagName(e)[0];\n    s.parentNode.insertBefore(t,s)}(window, document,'script',\n    'https:\/\/connect.facebook.net\/en_US\/fbevents.js');\n    fbq('init', '237927003583820');\n    fbq('track', 'PageView');\n  <\/script><script>\n    !function(f,b,e,v,n,t,s)\n    {if(f.fbq)return;n=f.fbq=function(){n.callMethod?\n    n.callMethod.apply(n,arguments):n.queue.push(arguments)};\n    if(!f._fbq)f._fbq=n;n.push=n;n.loaded=!0;n.version='2.0';\n    n.queue=[];t=b.createElement(e);t.async=!0;\n    t.src=v;s=b.getElementsByTagName(e)[0];\n    s.parentNode.insertBefore(t,s)}(window, document,'script',\n    'https:\/\/connect.facebook.net\/en_US\/fbevents.js');\n    fbq('init', '775201487065840');\n    fbq('track', 'PageView');\n    <\/script><br \/>\n<br \/><\/p>\n","protected":false},"excerpt":{"rendered":"<p>Netflix incorpor\u00f3 a su cat\u00e1logo global la pel\u00edcula \u201cLa voz de Hind Rajab\u201d el pasado 12 de julio de 2026. Dirigida por la cineasta tunecina Kaouther Ben Hania, la obra reconstruye el caso real de una ni\u00f1a palestina de seis a\u00f1os que qued\u00f3 atrapada en un veh\u00edculo bajo fuego en Gaza durante 2024. La historia [&hellip;]<\/p>\n","protected":false},"author":3,"featured_media":4841,"comment_status":"","ping_status":"","sticky":false,"template":"","format":"standard","meta":{"footnotes":""},"categories":[35],"tags":[],"class_list":["post-4840","post","type-post","status-publish","format-standard","has-post-thumbnail","hentry","category-espectaculos"],"_links":{"self":[{"href":"https:\/\/conexion-mx.com\/index.php?rest_route=\/wp\/v2\/posts\/4840","targetHints":{"allow":["GET"]}}],"collection":[{"href":"https:\/\/conexion-mx.com\/index.php?rest_route=\/wp\/v2\/posts"}],"about":[{"href":"https:\/\/conexion-mx.com\/index.php?rest_route=\/wp\/v2\/types\/post"}],"author":[{"embeddable":true,"href":"https:\/\/conexion-mx.com\/index.php?rest_route=\/wp\/v2\/users\/3"}],"replies":[{"embeddable":true,"href":"https:\/\/conexion-mx.com\/index.php?rest_route=%2Fwp%2Fv2%2Fcomments&post=4840"}],"version-history":[{"count":0,"href":"https:\/\/conexion-mx.com\/index.php?rest_route=\/wp\/v2\/posts\/4840\/revisions"}],"wp:featuredmedia":[{"embeddable":true,"href":"https:\/\/conexion-mx.com\/index.php?rest_route=\/wp\/v2\/media\/4841"}],"wp:attachment":[{"href":"https:\/\/conexion-mx.com\/index.php?rest_route=%2Fwp%2Fv2%2Fmedia&parent=4840"}],"wp:term":[{"taxonomy":"category","embeddable":true,"href":"https:\/\/conexion-mx.com\/index.php?rest_route=%2Fwp%2Fv2%2Fcategories&post=4840"},{"taxonomy":"post_tag","embeddable":true,"href":"https:\/\/conexion-mx.com\/index.php?rest_route=%2Fwp%2Fv2%2Ftags&post=4840"}],"curies":[{"name":"wp","href":"https:\/\/api.w.org\/{rel}","templated":true}]}}