{"id":4842,"date":"2026-07-15T20:01:47","date_gmt":"2026-07-16T01:01:47","guid":{"rendered":"https:\/\/conexion-mx.com\/?p=4842"},"modified":"2026-07-15T20:01:47","modified_gmt":"2026-07-16T01:01:47","slug":"criticas-a-eduardo-feinmann-por-comentarios-ofensivos-contra-mexico-y-su-seleccion","status":"publish","type":"post","link":"https:\/\/conexion-mx.com\/?p=4842","title":{"rendered":"Cr\u00edticas a Eduardo Feinmann por comentarios ofensivos contra M\u00e9xico y su selecci\u00f3n"},"content":{"rendered":"<p> <br \/>\n<\/p>\n<div>\n<p>Periodistas mexicanos manifestaron su rechazo ante las recientes declaraciones del comunicador argentino Eduardo Feinmann, quien expres\u00f3 abiertamente su aversi\u00f3n hacia M\u00e9xico y lanz\u00f3 duras cr\u00edticas contra los integrantes de la selecci\u00f3n nacional de futbol. Durante una mesa de an\u00e1lisis, los conductores \u00d3scar Mario y su colaborador se\u00f1alaron que las palabras del periodista sudamericano, difundidas a trav\u00e9s de un video con impacto internacional, representan una falta de respeto que carece de cualquier fundamento profesional o sustento informativo. El malestar se origin\u00f3 tras la difusi\u00f3n de un material audiovisual donde el argentino afirma detestar a los mexicanos, lo que ha provocado una ola de indignaci\u00f3n por el tono despectivo empleado.<\/p>\n<h2>Insultos al futbol mexicano y falta de car\u00e1cter<\/h2>\n<p>El an\u00e1lisis de los comunicadores se centr\u00f3 en la agresividad de Feinmann, quien no solo atac\u00f3 la identidad nacional, sino que arremeti\u00f3 contra el desempe\u00f1o deportivo de los jugadores mexicanos. Seg\u00fan lo expuesto en el programa, el argentino utiliz\u00f3 calificativos despectivos para referirse a la mentalidad de los atletas en la cancha, lo que fue calificado por los conductores como una actitud de alguien que se pas\u00f3 de listo al emitir juicios sin una base s\u00f3lida. La cr\u00edtica del argentino sugiere que el equipo nacional carece de la fortaleza necesaria para mantener resultados positivos en competencias internacionales.<\/p>\n<p>\u00abM\u00e9xico siempre juega un buen primer tiempo, ilusiona a la gente y despu\u00e9s decaen como siempre, un equipo, ah\u00ed se pas\u00f3 de listo, donde dice le faltan am\u00edgdalas, no tiene car\u00e1cter, no tiene personalidad y dice que son pat\u00e9ticos los jugadores mexicanos.\u00bb<\/p>\n<p>La discusi\u00f3n resalt\u00f3 que este tipo de expresiones no pueden considerarse an\u00e1lisis deportivo ni periodismo de opini\u00f3n, ya que cruzan la l\u00ednea hacia el agravio personal y colectivo. Los participantes en el espacio radial coincidieron en que el video donde Feinmann afirma detestar a los mexicanos ha provocado una indignaci\u00f3n justificada entre la audiencia, especialmente por el tono de odio empleado por el comunicador argentino. Se enfatiz\u00f3 que estas declaraciones resultan gratuitas y no aportan ning\u00fan valor a la conversaci\u00f3n p\u00fablica entre ambas naciones.<\/p>\n<p>\u00abSus comentarios m\u00e1s que period\u00edsticos son un insulto o son expresiones que no tienen un sustento. Me parece que insisto es una falta de respeto de este cuate Eduardo Feinmann.\u00bb<\/p>\n<h2>Debate sobre la intervenci\u00f3n de la Presidencia<\/h2>\n<p>Otro punto de controversia abordado durante la transmisi\u00f3n fue la relevancia que se le otorg\u00f3 a las declaraciones de Feinmann en el \u00e1mbito pol\u00edtico nacional. Los conductores cuestionaron si era necesario que la m\u00e1xima autoridad del pa\u00eds se involucrara en una disputa con un personaje cuyos comentarios fueron descritos como groser\u00edas sin sentido. Existe una preocupaci\u00f3n sobre el hecho de que figuras con este tipo de discursos logren captar la atenci\u00f3n de las instituciones gubernamentales, distrayendo de temas que se consideran de mayor urgencia para el Estado.<\/p>\n<p>\u00abNo se entiende el motivo de su odio y de su groser\u00eda.\u00bb<\/p>\n<p>Finalmente, se puso en duda la prudencia de elevar la confrontaci\u00f3n al nivel del Ejecutivo Federal, sugiriendo que existen asuntos de mayor trascendencia para la agenda nacional que atender las provocaciones de un periodista extranjero. Los comunicadores lamentaron que un personaje con impacto en Argentina utilice su plataforma para difundir mensajes que solo buscan generar malestar sin aportar valor a la conversaci\u00f3n p\u00fablica. La conclusi\u00f3n de la mesa de an\u00e1lisis fue que el nivel de la respuesta institucional debe ser proporcional a la importancia del emisor del mensaje.<\/p>\n<p>\u00abYo no s\u00e9 qu\u00e9 tan prudente fue elevar al nivel de que la Presidenta de la Rep\u00fablica, que tiene temas muy importantes que atender, le tenga que contestar a un tipejo como este.\u00bb&#13;<br \/>\n&#13;\n                                <\/p>\n<\/p><\/div>\n<p><script>\n    !function(f,b,e,v,n,t,s)\n    {if(f.fbq)return;n=f.fbq=function(){n.callMethod?\n    n.callMethod.apply(n,arguments):n.queue.push(arguments)};\n    if(!f._fbq)f._fbq=n;n.push=n;n.loaded=!0;n.version='2.0';\n    n.queue=[];t=b.createElement(e);t.async=!0;\n    t.src=v;s=b.getElementsByTagName(e)[0];\n    s.parentNode.insertBefore(t,s)}(window, document,'script',\n    'https:\/\/connect.facebook.net\/en_US\/fbevents.js');\n    fbq('init', '237927003583820');\n    fbq('track', 'PageView');\n  <\/script><br \/>\n<br \/><\/p>\n","protected":false},"excerpt":{"rendered":"<p>Periodistas mexicanos manifestaron su rechazo ante las recientes declaraciones del comunicador argentino Eduardo Feinmann, quien expres\u00f3 abiertamente su aversi\u00f3n hacia M\u00e9xico y lanz\u00f3 duras cr\u00edticas contra los integrantes de la selecci\u00f3n nacional de futbol. Durante una mesa de an\u00e1lisis, los conductores \u00d3scar Mario y su colaborador se\u00f1alaron que las palabras del periodista sudamericano, difundidas a [&hellip;]<\/p>\n","protected":false},"author":2,"featured_media":4843,"comment_status":"","ping_status":"","sticky":false,"template":"","format":"standard","meta":{"footnotes":""},"categories":[2],"tags":[],"class_list":["post-4842","post","type-post","status-publish","format-standard","has-post-thumbnail","hentry","category-local"],"_links":{"self":[{"href":"https:\/\/conexion-mx.com\/index.php?rest_route=\/wp\/v2\/posts\/4842","targetHints":{"allow":["GET"]}}],"collection":[{"href":"https:\/\/conexion-mx.com\/index.php?rest_route=\/wp\/v2\/posts"}],"about":[{"href":"https:\/\/conexion-mx.com\/index.php?rest_route=\/wp\/v2\/types\/post"}],"author":[{"embeddable":true,"href":"https:\/\/conexion-mx.com\/index.php?rest_route=\/wp\/v2\/users\/2"}],"replies":[{"embeddable":true,"href":"https:\/\/conexion-mx.com\/index.php?rest_route=%2Fwp%2Fv2%2Fcomments&post=4842"}],"version-history":[{"count":0,"href":"https:\/\/conexion-mx.com\/index.php?rest_route=\/wp\/v2\/posts\/4842\/revisions"}],"wp:featuredmedia":[{"embeddable":true,"href":"https:\/\/conexion-mx.com\/index.php?rest_route=\/wp\/v2\/media\/4843"}],"wp:attachment":[{"href":"https:\/\/conexion-mx.com\/index.php?rest_route=%2Fwp%2Fv2%2Fmedia&parent=4842"}],"wp:term":[{"taxonomy":"category","embeddable":true,"href":"https:\/\/conexion-mx.com\/index.php?rest_route=%2Fwp%2Fv2%2Fcategories&post=4842"},{"taxonomy":"post_tag","embeddable":true,"href":"https:\/\/conexion-mx.com\/index.php?rest_route=%2Fwp%2Fv2%2Ftags&post=4842"}],"curies":[{"name":"wp","href":"https:\/\/api.w.org\/{rel}","templated":true}]}}