{"id":4884,"date":"2026-07-20T01:46:23","date_gmt":"2026-07-20T06:46:23","guid":{"rendered":"https:\/\/conexion-mx.com\/?p=4884"},"modified":"2026-07-20T01:46:23","modified_gmt":"2026-07-20T06:46:23","slug":"karely-ruiz-celebra-el-bautizo-de-su-hija-madisson-con-lujosa-fiesta-video","status":"publish","type":"post","link":"https:\/\/conexion-mx.com\/?p=4884","title":{"rendered":"Karely Ruiz celebra el bautizo de su hija, Madisson, con lujosa fiesta | VIDEO"},"content":{"rendered":"<p> <br \/>\n<\/p>\n<div itemprop=\"articleBody\">\n<div class=\"txt_contenido\">\n<p><strong>Karely Ruiz <\/strong>se convirti\u00f3 en tema de conversaci\u00f3n una vez m\u00e1s a trav\u00e9s de <strong>redes sociales,<\/strong> aunque en esta ocasi\u00f3n por la lujosa fiesta que organiz\u00f3 por el bautizo de su hija, Madisson. La <strong>influencer regiomontana <\/strong>public\u00f3 algunos detalles de la celebraci\u00f3n en un video; adem\u00e1s, comparti\u00f3 una serie de fotograf\u00edas en familia mostrando m\u00e1s de sus atuendos.<\/p>\n<p>La hija de Karely Ruiz naci\u00f3 el 2 de febrero de 2025 y desde entonces la tambi\u00e9n <strong>modelo<\/strong> no ha dado en hacer parte a sus seguidores de su faceta como madre con cada una de sus publicaciones en redes sociales. Esta vez se trat\u00f3 de la lujosa fiesta que organiz\u00f3 por el bautizo de su hija, pues en m\u00e1s de una ocasi\u00f3n la influencer ha se\u00f1alado que est\u00e1 dispuesta a \u201ctirar la casa por la ventana\u201d cuando se trata de su <strong>peque\u00f1a hija.<\/strong><\/p>\n<aside class=\"htmlinline\"\/>\n<h2>\u00bfC\u00f3mo fue el bautizo de la hija de Karely Ruiz?\u00a0<\/h2>\n<p>A trav\u00e9s de su cuenta de Instagram,<strong> Karely Ruiz<\/strong> public\u00f3 una serie de fotograf\u00edas en las que se le ve junto a su pareja, Johnny Echeverr\u00eda, y su hija, <strong>Madisson<\/strong>. Los tres optaron por atuendos en color blanco con toques rosados, tonos que ocuparon gran parte de las decoraciones y tem\u00e1tica de la fiesta.<\/p>\n<aside class=\"relacionadas con-foto linea-1078\"><strong class=\"relacionadas-titulo-gral\">Noticias Relacionadas<\/strong><\/aside>\n<p><strong>Karely Ruiz<\/strong> luci\u00f3 un vestido corte sirena con escote <strong>strapless<\/strong> y guantes de encaje, adem\u00e1s us\u00f3 una capa de encaje para la <strong>ceremonia religiosa.<\/strong> Por otra parte, su peque\u00f1a hija luci\u00f3 un vestido con capa y detalles brillantes, mientras que su pareja un traje en color blanco.<\/p>\n<p>Para la fiesta se mantuvieron las decoraciones en tonos rosas y blancos, en la entrada al lugar se coloc\u00f3 una decoraci\u00f3n con globos que daba la bienvenida a los invitados. Mientras que al interior optaron por un peque\u00f1o carrusel y juegos inflables en color blanco para mantener la armon\u00eda. Lo que llam\u00f3 la atenci\u00f3n de los fan\u00e1ticos es el espacio llamado \u201cBoutique Madisson\u201d donde ofrecieron regalos como bolsas, termos y cuadernos.<\/p>\n<p>\u00a0<\/p>\n<\/p><\/div>\n<\/p><\/div>\n<p><script>\n    !function(f,b,e,v,n,t,s)\n    {if(f.fbq)return;n=f.fbq=function(){n.callMethod?\n    n.callMethod.apply(n,arguments):n.queue.push(arguments)};\n    if(!f._fbq)f._fbq=n;n.push=n;n.loaded=!0;n.version='2.0';\n    n.queue=[];t=b.createElement(e);t.async=!0;\n    t.src=v;s=b.getElementsByTagName(e)[0];\n    s.parentNode.insertBefore(t,s)}(window, document,'script',\n    'https:\/\/connect.facebook.net\/en_US\/fbevents.js');\n    fbq('init', '237927003583820');\n    fbq('track', 'PageView');\n  <\/script><script>\n    !function(f,b,e,v,n,t,s)\n    {if(f.fbq)return;n=f.fbq=function(){n.callMethod?\n    n.callMethod.apply(n,arguments):n.queue.push(arguments)};\n    if(!f._fbq)f._fbq=n;n.push=n;n.loaded=!0;n.version='2.0';\n    n.queue=[];t=b.createElement(e);t.async=!0;\n    t.src=v;s=b.getElementsByTagName(e)[0];\n    s.parentNode.insertBefore(t,s)}(window, document,'script',\n    'https:\/\/connect.facebook.net\/en_US\/fbevents.js');\n    fbq('init', '775201487065840');\n    fbq('track', 'PageView');\n    <\/script><br \/>\n<br \/><\/p>\n","protected":false},"excerpt":{"rendered":"<p>Karely Ruiz se convirti\u00f3 en tema de conversaci\u00f3n una vez m\u00e1s a trav\u00e9s de redes sociales, aunque en esta ocasi\u00f3n por la lujosa fiesta que organiz\u00f3 por el bautizo de su hija, Madisson. La influencer regiomontana public\u00f3 algunos detalles de la celebraci\u00f3n en un video; adem\u00e1s, comparti\u00f3 una serie de fotograf\u00edas en familia mostrando m\u00e1s [&hellip;]<\/p>\n","protected":false},"author":4,"featured_media":4885,"comment_status":"","ping_status":"","sticky":false,"template":"","format":"standard","meta":{"footnotes":""},"categories":[36],"tags":[],"class_list":["post-4884","post","type-post","status-publish","format-standard","has-post-thumbnail","hentry","category-tecnologia"],"_links":{"self":[{"href":"https:\/\/conexion-mx.com\/index.php?rest_route=\/wp\/v2\/posts\/4884","targetHints":{"allow":["GET"]}}],"collection":[{"href":"https:\/\/conexion-mx.com\/index.php?rest_route=\/wp\/v2\/posts"}],"about":[{"href":"https:\/\/conexion-mx.com\/index.php?rest_route=\/wp\/v2\/types\/post"}],"author":[{"embeddable":true,"href":"https:\/\/conexion-mx.com\/index.php?rest_route=\/wp\/v2\/users\/4"}],"replies":[{"embeddable":true,"href":"https:\/\/conexion-mx.com\/index.php?rest_route=%2Fwp%2Fv2%2Fcomments&post=4884"}],"version-history":[{"count":0,"href":"https:\/\/conexion-mx.com\/index.php?rest_route=\/wp\/v2\/posts\/4884\/revisions"}],"wp:featuredmedia":[{"embeddable":true,"href":"https:\/\/conexion-mx.com\/index.php?rest_route=\/wp\/v2\/media\/4885"}],"wp:attachment":[{"href":"https:\/\/conexion-mx.com\/index.php?rest_route=%2Fwp%2Fv2%2Fmedia&parent=4884"}],"wp:term":[{"taxonomy":"category","embeddable":true,"href":"https:\/\/conexion-mx.com\/index.php?rest_route=%2Fwp%2Fv2%2Fcategories&post=4884"},{"taxonomy":"post_tag","embeddable":true,"href":"https:\/\/conexion-mx.com\/index.php?rest_route=%2Fwp%2Fv2%2Ftags&post=4884"}],"curies":[{"name":"wp","href":"https:\/\/api.w.org\/{rel}","templated":true}]}}