{"id":4892,"date":"2026-07-20T14:50:41","date_gmt":"2026-07-20T19:50:41","guid":{"rendered":"https:\/\/conexion-mx.com\/?p=4892"},"modified":"2026-07-20T14:50:41","modified_gmt":"2026-07-20T19:50:41","slug":"atentado-frente-a-sede-del-ice-en-nueva-york-deja-dos-heridos-y-un-detenido-video","status":"publish","type":"post","link":"https:\/\/conexion-mx.com\/?p=4892","title":{"rendered":"Atentado frente a sede del ICE en Nueva York deja dos heridos y un detenido | VIDEO"},"content":{"rendered":"<p> <br \/>\n<\/p>\n<div itemprop=\"articleBody\">\n<div class=\"txt_contenido\">\n<p>Durante la ma\u00f1ana de este lunes 20 de julio se registr\u00f3 un <strong>atentado<\/strong>\u00a0luego de que un hombre\u00a0provocar\u00e1 un <strong>incendio<\/strong> de manera intencional a las afueras del edificio federal<strong> Jacob K. Javits<\/strong>, sede de la oficina local del <strong>Servicio de Inmigraci\u00f3n y Control de Aduanas (ICE) <\/strong>en <strong>Manhattan<\/strong>,\u00a0<strong>Nueva<\/strong> <strong>York<\/strong>.<\/p>\n<p>A trav\u00e9s de redes sociales se difundi\u00f3 un video captado por testigos que muestra el momento exacto del incidente en el que se puede ver a un sujeto con el rostro totalmente cubierto quien corre mientras va cargando un tambo con <strong>liquido<\/strong> <strong>inflamable<\/strong> el cual termina vaciando cerca de una jardinera para luego <strong>prenderle<\/strong> <strong>fuego<\/strong>.<\/p>\n<aside class=\"htmlinline\"\/>\n<p>Posteriormente se puede apreciar una intensa <strong>columna<\/strong> <strong>de<\/strong> <strong>humo<\/strong> negro causada por el <strong>siniestro<\/strong>, mientras diversos elementos se acercan para contener al responsable.\u00a0<\/p>\n<h2>Director del FBI confirma dos heridos y un detenido tras atentado<\/h2>\n<p>A trav\u00e9s de sus redes sociales<strong> Kash Patel,<\/strong> director del <strong>FBI<\/strong>, inform\u00f3 que el responsable del atentado fue <strong>detenido<\/strong> y puesto bajo custodia, mientras que dos personas resultaron con <strong>lesiones<\/strong> <strong>leves<\/strong>, se\u00f1alando que el incidente esta siendo investigado por el <strong>Grupo de Trabajo Conjunto contra el Terrorismo <\/strong>del <strong>FBI<\/strong>.<\/p>\n<blockquote><p>&#13;<\/p>\n<p>\u00abEsta ma\u00f1ana, un individuo despleg\u00f3 un dispositivo incendiario fuera del 26 Federal Plaza en Nueva York. El individuo est\u00e1 bajo custodia y se han reportado dos lesiones menores hasta el momento. El FBI JTTF est\u00e1 investigando el incidente.\u00bb, inform\u00f3\u00a0el director del FBI, Kash Patel.<\/p>\n<p>&#13;\n<\/p><\/blockquote>\n<p>\u00a0<\/p>\n<\/p><\/div>\n<\/p><\/div>\n<p><script>\n    !function(f,b,e,v,n,t,s)\n    {if(f.fbq)return;n=f.fbq=function(){n.callMethod?\n    n.callMethod.apply(n,arguments):n.queue.push(arguments)};\n    if(!f._fbq)f._fbq=n;n.push=n;n.loaded=!0;n.version='2.0';\n    n.queue=[];t=b.createElement(e);t.async=!0;\n    t.src=v;s=b.getElementsByTagName(e)[0];\n    s.parentNode.insertBefore(t,s)}(window, document,'script',\n    'https:\/\/connect.facebook.net\/en_US\/fbevents.js');\n    fbq('init', '237927003583820');\n    fbq('track', 'PageView');\n  <\/script><br \/>\n<br \/><\/p>\n","protected":false},"excerpt":{"rendered":"<p>Durante la ma\u00f1ana de este lunes 20 de julio se registr\u00f3 un atentado\u00a0luego de que un hombre\u00a0provocar\u00e1 un incendio de manera intencional a las afueras del edificio federal Jacob K. Javits, sede de la oficina local del Servicio de Inmigraci\u00f3n y Control de Aduanas (ICE) en Manhattan,\u00a0Nueva York. A trav\u00e9s de redes sociales se difundi\u00f3 [&hellip;]<\/p>\n","protected":false},"author":2,"featured_media":4893,"comment_status":"","ping_status":"","sticky":false,"template":"","format":"standard","meta":{"footnotes":""},"categories":[2],"tags":[],"class_list":["post-4892","post","type-post","status-publish","format-standard","has-post-thumbnail","hentry","category-local"],"_links":{"self":[{"href":"https:\/\/conexion-mx.com\/index.php?rest_route=\/wp\/v2\/posts\/4892","targetHints":{"allow":["GET"]}}],"collection":[{"href":"https:\/\/conexion-mx.com\/index.php?rest_route=\/wp\/v2\/posts"}],"about":[{"href":"https:\/\/conexion-mx.com\/index.php?rest_route=\/wp\/v2\/types\/post"}],"author":[{"embeddable":true,"href":"https:\/\/conexion-mx.com\/index.php?rest_route=\/wp\/v2\/users\/2"}],"replies":[{"embeddable":true,"href":"https:\/\/conexion-mx.com\/index.php?rest_route=%2Fwp%2Fv2%2Fcomments&post=4892"}],"version-history":[{"count":0,"href":"https:\/\/conexion-mx.com\/index.php?rest_route=\/wp\/v2\/posts\/4892\/revisions"}],"wp:featuredmedia":[{"embeddable":true,"href":"https:\/\/conexion-mx.com\/index.php?rest_route=\/wp\/v2\/media\/4893"}],"wp:attachment":[{"href":"https:\/\/conexion-mx.com\/index.php?rest_route=%2Fwp%2Fv2%2Fmedia&parent=4892"}],"wp:term":[{"taxonomy":"category","embeddable":true,"href":"https:\/\/conexion-mx.com\/index.php?rest_route=%2Fwp%2Fv2%2Fcategories&post=4892"},{"taxonomy":"post_tag","embeddable":true,"href":"https:\/\/conexion-mx.com\/index.php?rest_route=%2Fwp%2Fv2%2Ftags&post=4892"}],"curies":[{"name":"wp","href":"https:\/\/api.w.org\/{rel}","templated":true}]}}