{"id":4896,"date":"2026-07-20T22:52:24","date_gmt":"2026-07-21T03:52:24","guid":{"rendered":"https:\/\/conexion-mx.com\/?p=4896"},"modified":"2026-07-20T22:52:24","modified_gmt":"2026-07-21T03:52:24","slug":"muere-max-perro-baleado-en-valle-de-chalco-tras-defender-a-su-dueno-durante-una-rina","status":"publish","type":"post","link":"https:\/\/conexion-mx.com\/?p=4896","title":{"rendered":"Muere Max, perro baleado en Valle de Chalco tras defender a su due\u00f1o durante una ri\u00f1a"},"content":{"rendered":"<p> <br \/>\n<\/p>\n<div itemprop=\"articleBody\">\n<div class=\"txt_contenido\">\n<p>Vecinos de <strong>Valle de Chalco<\/strong> y asociaciones protectoras de animales, como la Asociaci\u00f3n Civil \u00ab<strong>Seres sin Voz<\/strong>\u00ab, piden justicia por la muerte de <strong>Max<\/strong>, un can que muri\u00f3 despu\u00e9s de ser baleado durante una discusi\u00f3n, al defender a su due\u00f1o en la <strong>colonia Concepci\u00f3n<\/strong>.\u00a0<\/p>\n<p>Los testigos refieren que un hombre se estacion\u00f3 afuera de la casa del due\u00f1o de <strong>Max <\/strong>y le pidi\u00f3 que quitara su motocicleta porque iba a usar el espacio, con lo que se hicieron de palabras y la discusi\u00f3n escal\u00f3, primero a los golpes y desencaden\u00f3 en detonaciones de <strong>arma de fuego<\/strong> en la v\u00eda p\u00fablica. El lomito intervino en la pelea en defensa de su humano y recibi\u00f3 un balazo.\u00a0<\/p>\n<aside class=\"htmlinline\"\/>\n<p>El presunto responsable fue detenido por la polic\u00eda municipal y elementos de la estatal, quienes lo trasladaron al <strong>Centro Penitenciario de Huitzilzingo<\/strong>, en <strong>Chalco<\/strong>. El <strong>23 de julio<\/strong> se definir\u00e1 su situaci\u00f3n jur\u00eddica.\u00a0<\/p>\n<div class=\"image-align-center\">\n<figure class=\"image\"><img loading=\"lazy\" decoding=\"async\" alt=\"\" height=\"640\" src=\"https:\/\/heraldodemexico.com.mx\/u\/fotografias\/m\/2026\/7\/20\/f768x1-1309082_1309209_5050.jpeg\" width=\"680\"\/>&#13;<figcaption>El presunto responsable fue trasladado\u00a0al Centro Penitenciario de Huitzilzingo, en Chalco. Foto: Cortes\u00eda<\/figcaption>&#13;<br \/>\n<\/figure>\n<\/div>\n<h2>El can recibi\u00f3 atenci\u00f3n pero no resiti\u00f3<\/h2>\n<p>Autoridades delegacionales, de la <strong>Unidad de Protecci\u00f3n Animal Municipal <\/strong>(<strong>UPA<\/strong>) y la <strong>Coordinaci\u00f3n con Unidos para Ayudar A.C.<\/strong> lograron el traslado inmediato del can a una<strong> veterinaria<\/strong> de la <strong>Ciudad de M\u00e9xico<\/strong>, debido a que la<strong> UPA<\/strong> no cuenta con \u00e1rea de quir\u00f3fano y especialista en ortopedia.\u00a0<\/p>\n<p>El perro fue atendido las <strong>24 horas<\/strong>, pero luego de un d\u00eda falleci\u00f3, derivado de un sangrado profundo provocado por el disparo.<\/p>\n<div class=\"image-align-center\">\n<figure class=\"image\"><img loading=\"lazy\" decoding=\"async\" alt=\"\" height=\"907\" src=\"https:\/\/heraldodemexico.com.mx\/u\/fotografias\/m\/2026\/7\/20\/f768x1-1309081_1309208_5050.jpeg\" width=\"680\"\/>&#13;<figcaption>El can recibi\u00f3 atenci\u00f3n veterinaria, pero no resisti\u00f3. Foto: Cortes\u00eda<\/figcaption>&#13;<br \/>\n<\/figure>\n<\/div>\n<h2>\u00bfDe cu\u00e1nto es la multa por <strong>maltrato animal <\/strong>en el <strong>Edomex<\/strong>?<\/h2>\n<p>Por los hechos, el <strong>16 de julio<\/strong> pasado se levantaron actas<strong>\u00a0<\/strong>por los delitos de maltrato animal y lesiones.\u00a0En el <strong>Estado de M\u00e9xico<\/strong>, el delito de maltrato animal tiene una la penalidad de tres a <strong>cinco a\u00f1os de prisi\u00f3n<\/strong> y <strong>de 300 a 500 d\u00edas multa<\/strong>, mientras la <strong>crueldad animal <\/strong>puede alcanzar los seis a\u00f1os de prisi\u00f3n y los <strong>700 d\u00edas<\/strong> de multa.<\/p>\n<p>Estas penas se elevan hasta en una mitad (es decir, pueden llegar a <strong>7.5 a\u00f1os de prisi\u00f3n<\/strong> y <strong>750 d\u00edas multa<\/strong> para el <strong>maltrato<\/strong>, y a <strong>9 a\u00f1os de c\u00e1rcel <\/strong>y <strong>mil 050 d\u00edas multa<\/strong>) cuando la conducta \u201cse produzca por disparo de arma de fuego\u201d.\u00a0<\/p>\n<\/p><\/div>\n<\/p><\/div>\n<p><script>\n    !function(f,b,e,v,n,t,s)\n    {if(f.fbq)return;n=f.fbq=function(){n.callMethod?\n    n.callMethod.apply(n,arguments):n.queue.push(arguments)};\n    if(!f._fbq)f._fbq=n;n.push=n;n.loaded=!0;n.version='2.0';\n    n.queue=[];t=b.createElement(e);t.async=!0;\n    t.src=v;s=b.getElementsByTagName(e)[0];\n    s.parentNode.insertBefore(t,s)}(window, document,'script',\n    'https:\/\/connect.facebook.net\/en_US\/fbevents.js');\n    fbq('init', '237927003583820');\n    fbq('track', 'PageView');\n  <\/script><script>\n    !function(f,b,e,v,n,t,s)\n    {if(f.fbq)return;n=f.fbq=function(){n.callMethod?\n    n.callMethod.apply(n,arguments):n.queue.push(arguments)};\n    if(!f._fbq)f._fbq=n;n.push=n;n.loaded=!0;n.version='2.0';\n    n.queue=[];t=b.createElement(e);t.async=!0;\n    t.src=v;s=b.getElementsByTagName(e)[0];\n    s.parentNode.insertBefore(t,s)}(window, document,'script',\n    'https:\/\/connect.facebook.net\/en_US\/fbevents.js');\n    fbq('init', '802372280934901');\n    fbq('track', 'PageView');\n    <\/script><br \/>\n<br \/><\/p>\n","protected":false},"excerpt":{"rendered":"<p>Vecinos de Valle de Chalco y asociaciones protectoras de animales, como la Asociaci\u00f3n Civil \u00abSeres sin Voz\u00ab, piden justicia por la muerte de Max, un can que muri\u00f3 despu\u00e9s de ser baleado durante una discusi\u00f3n, al defender a su due\u00f1o en la colonia Concepci\u00f3n.\u00a0 Los testigos refieren que un hombre se estacion\u00f3 afuera de la [&hellip;]<\/p>\n","protected":false},"author":2,"featured_media":4897,"comment_status":"","ping_status":"","sticky":false,"template":"","format":"standard","meta":{"footnotes":""},"categories":[2],"tags":[],"class_list":["post-4896","post","type-post","status-publish","format-standard","has-post-thumbnail","hentry","category-local"],"_links":{"self":[{"href":"https:\/\/conexion-mx.com\/index.php?rest_route=\/wp\/v2\/posts\/4896","targetHints":{"allow":["GET"]}}],"collection":[{"href":"https:\/\/conexion-mx.com\/index.php?rest_route=\/wp\/v2\/posts"}],"about":[{"href":"https:\/\/conexion-mx.com\/index.php?rest_route=\/wp\/v2\/types\/post"}],"author":[{"embeddable":true,"href":"https:\/\/conexion-mx.com\/index.php?rest_route=\/wp\/v2\/users\/2"}],"replies":[{"embeddable":true,"href":"https:\/\/conexion-mx.com\/index.php?rest_route=%2Fwp%2Fv2%2Fcomments&post=4896"}],"version-history":[{"count":0,"href":"https:\/\/conexion-mx.com\/index.php?rest_route=\/wp\/v2\/posts\/4896\/revisions"}],"wp:featuredmedia":[{"embeddable":true,"href":"https:\/\/conexion-mx.com\/index.php?rest_route=\/wp\/v2\/media\/4897"}],"wp:attachment":[{"href":"https:\/\/conexion-mx.com\/index.php?rest_route=%2Fwp%2Fv2%2Fmedia&parent=4896"}],"wp:term":[{"taxonomy":"category","embeddable":true,"href":"https:\/\/conexion-mx.com\/index.php?rest_route=%2Fwp%2Fv2%2Fcategories&post=4896"},{"taxonomy":"post_tag","embeddable":true,"href":"https:\/\/conexion-mx.com\/index.php?rest_route=%2Fwp%2Fv2%2Ftags&post=4896"}],"curies":[{"name":"wp","href":"https:\/\/api.w.org\/{rel}","templated":true}]}}