{"id":4904,"date":"2026-07-21T15:05:27","date_gmt":"2026-07-21T20:05:27","guid":{"rendered":"https:\/\/conexion-mx.com\/?p=4904"},"modified":"2026-07-21T15:05:27","modified_gmt":"2026-07-21T20:05:27","slug":"culmina-con-exito-derrama-economica-y-afluencia-turistica-el-primer-lunes-del-cerro-salomon-jara","status":"publish","type":"post","link":"https:\/\/conexion-mx.com\/?p=4904","title":{"rendered":"Culmina con \u00e9xito, derrama econ\u00f3mica y afluencia tur\u00edstica el Primer Lunes del Cerro: Salom\u00f3n Jara"},"content":{"rendered":"<p> <br \/>\n<\/p>\n<div>\n<p>El gobernador<strong> Salom\u00f3n Jara Cruz <\/strong>celebr\u00f3 el \u00e9xito de las dos emisiones del <strong>Primer Lunes del Cerro<\/strong>, las cuales tuvieron lleno total y se desarrollaron en un ambiente de paz y tranquilidad, que dio como resultado <strong>saldo blanco<\/strong>.<\/p>\n<blockquote><p>&#13;<\/p>\n<p>No hay un espect\u00e1culo o expresi\u00f3n cultural m\u00e1s grande que la que tenemos en <strong>Oaxaca<\/strong>. Estoy muy contento, la <strong>Guelaguetza<\/strong> estuvo formidable, ha sido una de las mejores\u201d, mencion\u00f3 durante conferencia de prensa.<\/p>\n<aside class=\"htmlinline\"\/>&#13;\n<\/p><\/blockquote>\n<p>Muestra de ello -dijo- fue la asistencia del gobernador de Chiapas, Eduardo Ram\u00edrez Aguilar y su hom\u00f3loga de Veracruz, Roc\u00edo Nahle Garc\u00eda; adem\u00e1s de la secretaria federal de turismo Josefina Rodr\u00edguez Zamora, personas diplom\u00e1ticas, representantes de los tres niveles de gobierno y de las Fuerzas Armadas.<\/p>\n<aside class=\"relacionadas con-foto linea-1078\"><strong class=\"relacionadas-titulo-gral\">Noticias Relacionadas<\/strong><\/aside>\n<figure class=\"image\"><img loading=\"lazy\" decoding=\"async\" alt=\"\" height=\"400\" src=\"https:\/\/heraldodemexico.com.mx\/u\/fotografias\/m\/2026\/7\/21\/f768x400-1309370_1353273_5050.jpg\" width=\"768\"\/>&#13;<figcaption>El gobernador de Oaxaca, Salom\u00f3n Jara Cruz, ofrece una conferencia de prensa sobre las dos emisiones del Primer Lunes del Cerro. Cr\u00e9ditos: Cortes\u00eda.<\/figcaption>&#13;<br \/>\n<\/figure>\n<h2>Mes de la Guelaguetza, integra m\u00e1s de 140 actividades culturales, gastron\u00f3micas y artesanales<\/h2>\n<p>Asimismo, destaca la amplia participaci\u00f3n de locales, turistas nacionales y extranjeros durante la <strong>Calenda de las Culturas 2026 <\/strong>que parti\u00f3 de la Fuente de las Ocho Regiones y culmin\u00f3 en la <strong>Plaza de la Danza<\/strong>. Esta actividad se enmarca en el programa de Julio, mes de la Guelaguetza, que integra m\u00e1s de 140 actividades culturales, gastron\u00f3micas y artesanales.<\/p>\n<p>En conferencia se inform\u00f3 que, se registr\u00f3 un importante crecimiento de visitantes durante este primer<strong> Lunes de Cerro<\/strong>; de manera preliminar, del 17 al 20 de julio, se obtuvo un 81.5 por ciento de <strong>ocupaci\u00f3n hotelera <\/strong>acumulada; la llegada de 55 mil 830 turistas, con un crecimiento de 28.50 por ciento con relaci\u00f3n al a\u00f1o pasado con 12 mil 382 personas m\u00e1s, y representa una derrama econ\u00f3mica de 231 millones de pesos.<\/p>\n<p>Tambi\u00e9n, se inform\u00f3 que derivado de la promoci\u00f3n nacional e internacional que realizan los gobiernos de <strong>Oaxaca<\/strong> y M\u00e9xico, en los aeropuertos, de enero a junio de 2026 se movilizaron en la entidad un mill\u00f3n 815 mil pasajeros, lo que representa un incremento del 1.78 por ciento respecto al a\u00f1o anterior.<\/p>\n<p>En este primer semestre, aument\u00f3 la oferta de asientos en la entidad en 48 mil 421 espacios nuevos, lo que representa un crecimiento de 4.54 por ciento respecto al a\u00f1o anterior. Muestra de ello son la apertura de los<strong> vuelos Quer\u00e9taro \u2013 Oaxaca<\/strong>; Puebla \u2013 Huatulco y Puerto Escondido- Tijuana.<\/p>\n<\/p><\/div>\n<p><script>\n    !function(f,b,e,v,n,t,s)\n    {if(f.fbq)return;n=f.fbq=function(){n.callMethod?\n    n.callMethod.apply(n,arguments):n.queue.push(arguments)};\n    if(!f._fbq)f._fbq=n;n.push=n;n.loaded=!0;n.version='2.0';\n    n.queue=[];t=b.createElement(e);t.async=!0;\n    t.src=v;s=b.getElementsByTagName(e)[0];\n    s.parentNode.insertBefore(t,s)}(window, document,'script',\n    'https:\/\/connect.facebook.net\/en_US\/fbevents.js');\n    fbq('init', '237927003583820');\n    fbq('track', 'PageView');\n  <\/script><script>\n    !function(f,b,e,v,n,t,s)\n    {if(f.fbq)return;n=f.fbq=function(){n.callMethod?\n    n.callMethod.apply(n,arguments):n.queue.push(arguments)};\n    if(!f._fbq)f._fbq=n;n.push=n;n.loaded=!0;n.version='2.0';\n    n.queue=[];t=b.createElement(e);t.async=!0;\n    t.src=v;s=b.getElementsByTagName(e)[0];\n    s.parentNode.insertBefore(t,s)}(window, document,'script',\n    'https:\/\/connect.facebook.net\/en_US\/fbevents.js');\n    fbq('init', '802372280934901');\n    fbq('track', 'PageView');\n    <\/script><br \/>\n<br \/><\/p>\n","protected":false},"excerpt":{"rendered":"<p>El gobernador Salom\u00f3n Jara Cruz celebr\u00f3 el \u00e9xito de las dos emisiones del Primer Lunes del Cerro, las cuales tuvieron lleno total y se desarrollaron en un ambiente de paz y tranquilidad, que dio como resultado saldo blanco. &#13; No hay un espect\u00e1culo o expresi\u00f3n cultural m\u00e1s grande que la que tenemos en Oaxaca. Estoy [&hellip;]<\/p>\n","protected":false},"author":2,"featured_media":4905,"comment_status":"","ping_status":"","sticky":false,"template":"","format":"standard","meta":{"footnotes":""},"categories":[2],"tags":[],"class_list":["post-4904","post","type-post","status-publish","format-standard","has-post-thumbnail","hentry","category-local"],"_links":{"self":[{"href":"https:\/\/conexion-mx.com\/index.php?rest_route=\/wp\/v2\/posts\/4904","targetHints":{"allow":["GET"]}}],"collection":[{"href":"https:\/\/conexion-mx.com\/index.php?rest_route=\/wp\/v2\/posts"}],"about":[{"href":"https:\/\/conexion-mx.com\/index.php?rest_route=\/wp\/v2\/types\/post"}],"author":[{"embeddable":true,"href":"https:\/\/conexion-mx.com\/index.php?rest_route=\/wp\/v2\/users\/2"}],"replies":[{"embeddable":true,"href":"https:\/\/conexion-mx.com\/index.php?rest_route=%2Fwp%2Fv2%2Fcomments&post=4904"}],"version-history":[{"count":0,"href":"https:\/\/conexion-mx.com\/index.php?rest_route=\/wp\/v2\/posts\/4904\/revisions"}],"wp:featuredmedia":[{"embeddable":true,"href":"https:\/\/conexion-mx.com\/index.php?rest_route=\/wp\/v2\/media\/4905"}],"wp:attachment":[{"href":"https:\/\/conexion-mx.com\/index.php?rest_route=%2Fwp%2Fv2%2Fmedia&parent=4904"}],"wp:term":[{"taxonomy":"category","embeddable":true,"href":"https:\/\/conexion-mx.com\/index.php?rest_route=%2Fwp%2Fv2%2Fcategories&post=4904"},{"taxonomy":"post_tag","embeddable":true,"href":"https:\/\/conexion-mx.com\/index.php?rest_route=%2Fwp%2Fv2%2Ftags&post=4904"}],"curies":[{"name":"wp","href":"https:\/\/api.w.org\/{rel}","templated":true}]}}