{"id":4906,"date":"2026-07-21T19:26:41","date_gmt":"2026-07-22T00:26:41","guid":{"rendered":"https:\/\/conexion-mx.com\/?p=4906"},"modified":"2026-07-21T19:26:41","modified_gmt":"2026-07-22T00:26:41","slug":"ella-ya-tenia-miedo-revelan-las-ultimas-horas-de-dafne-zapata-joven-que-murio-dentro-de-una-academia-militarizada","status":"publish","type":"post","link":"https:\/\/conexion-mx.com\/?p=4906","title":{"rendered":"\u00abElla ya ten\u00eda miedo\u00bb: revelan las \u00faltimas horas de Dafne Zapata, joven que muri\u00f3 dentro de una academia militarizada"},"content":{"rendered":"<p> <br \/>\n<\/p>\n<div itemprop=\"articleBody\">\n<div class=\"txt_contenido\">\n<p>El caso de Dafne Zapata, joven de 13 a\u00f1os que muri\u00f3 dentro de una <strong><em>academia militarizada en Tamaulipas,<\/em><\/strong> sigue dando de qu\u00e9 hablar luego de que una madre de familia de una de las compa\u00f1eras de la v\u00edctima confes\u00f3 c\u00f3mo fueron las \u00faltimas horas dentro del inmueble.\u00a0<\/p>\n<p>Jes\u00fas Eduardo Govea Orozoco, titular de la <strong>Fiscal\u00eda General de Justicia de Tamaulipas (FGE)<\/strong>\u00a0confirm\u00f3 que el deceso de la menor Dafne Zapata Quinto se dio por asfixia y las investigaciones se realizan con <strong>presunci\u00f3n de feminicidio,<\/strong> por lo que esperar\u00e1n el avance en las investigaciones.\u00a0<\/p>\n<aside class=\"htmlinline\"\/>\n<p>Betzaida Orta, madre de una de las alumnas que<strong> convivi\u00f3 con Dafne<\/strong> durante el campamento de verano de la Academia Militarizada Doenitz, asegur\u00f3 que desde el pasado martes la joven de 13 a\u00f1os mostraba miedo y comportamientos extra\u00f1os. Incluso niegan la versi\u00f3n de que la v\u00edctima <strong>estaba a las 22:30 horas<\/strong> en el \u00e1rea ya que desde las 22:00 horas la zona permanec\u00eda cerrada para el alumnado.\u00a0<\/p>\n<aside class=\"relacionadas con-foto linea-1078\"><strong class=\"relacionadas-titulo-gral\">Noticias Relacionadas<\/strong><\/aside>\n<blockquote><p>&#13;<\/p>\n<p>\u201cMi hija me dijo: \u2018Mam\u00e1, el lunes todo estuvo bien con Dafne, pero desde el martes ya no quer\u00eda que me despegara de ella. Me dec\u00eda: acomp\u00e1\u00f1ame al ba\u00f1o, acomp\u00e1\u00f1ame por un vaso de agua\u2019. La ni\u00f1a ya ten\u00eda miedo\u201d, expres\u00f3<\/p>\n<p>&#13;\n<\/p><\/blockquote>\n<p>Record\u00f3 que ambas adolescentes fueron las \u00fanicas mujeres dentro del grupo de alumnos que permanec\u00edan en el campamento, situaci\u00f3n que hizo que r\u00e1pidamente desarrollaran una estrecha amistad y se protegieran mutuamente.<\/p>\n<p>La madre se\u00f1al\u00f3 que uno de los momentos que m\u00e1s ha marcado a su hija ocurri\u00f3 el mi\u00e9rcoles, cuando Dafne, sin motivo aparente, la abraz\u00f3 antes de continuar con sus actividades y le dijo: \u201cCu\u00eddate mucho\u201d. \u201cElla esperaba con ilusi\u00f3n que llegara el s\u00e1bado para volver a ver a su mam\u00e1. Nadie imagin\u00f3 que ese ser\u00eda uno de sus \u00faltimos d\u00edas\u201d, dijo con l\u00e1grimas en los ojos.<\/p>\n<p><iframe loading=\"lazy\" allow=\"autoplay; clipboard-write; encrypted-media; picture-in-picture; web-share\" allowfullscreen=\"true\" frameborder=\"0\" height=\"329\" scrolling=\"no\" src=\"https:\/\/www.facebook.com\/plugins\/post.php?href=https%3A%2F%2Fwww.facebook.com%2FalejandraQ5%2Fposts%2Fpfbid02QwY814wzCmkcnjQwCak17dG1u3jWhZ58ftLLRJ52imLa87dYbRenPPpotu4QH4Ncl&amp;show_text=true&amp;width=500\" style=\"border:none;overflow:hidden\" width=\"500\"><\/iframe><\/p>\n<\/p><\/div>\n<\/p><\/div>\n<p><script>\n    !function(f,b,e,v,n,t,s)\n    {if(f.fbq)return;n=f.fbq=function(){n.callMethod?\n    n.callMethod.apply(n,arguments):n.queue.push(arguments)};\n    if(!f._fbq)f._fbq=n;n.push=n;n.loaded=!0;n.version='2.0';\n    n.queue=[];t=b.createElement(e);t.async=!0;\n    t.src=v;s=b.getElementsByTagName(e)[0];\n    s.parentNode.insertBefore(t,s)}(window, document,'script',\n    'https:\/\/connect.facebook.net\/en_US\/fbevents.js');\n    fbq('init', '237927003583820');\n    fbq('track', 'PageView');\n  <\/script><script>\n    !function(f,b,e,v,n,t,s)\n    {if(f.fbq)return;n=f.fbq=function(){n.callMethod?\n    n.callMethod.apply(n,arguments):n.queue.push(arguments)};\n    if(!f._fbq)f._fbq=n;n.push=n;n.loaded=!0;n.version='2.0';\n    n.queue=[];t=b.createElement(e);t.async=!0;\n    t.src=v;s=b.getElementsByTagName(e)[0];\n    s.parentNode.insertBefore(t,s)}(window, document,'script',\n    'https:\/\/connect.facebook.net\/en_US\/fbevents.js');\n    fbq('init', '802372280934901');\n    fbq('track', 'PageView');\n    <\/script><br \/>\n<br \/><\/p>\n","protected":false},"excerpt":{"rendered":"<p>El caso de Dafne Zapata, joven de 13 a\u00f1os que muri\u00f3 dentro de una academia militarizada en Tamaulipas, sigue dando de qu\u00e9 hablar luego de que una madre de familia de una de las compa\u00f1eras de la v\u00edctima confes\u00f3 c\u00f3mo fueron las \u00faltimas horas dentro del inmueble.\u00a0 Jes\u00fas Eduardo Govea Orozoco, titular de la Fiscal\u00eda [&hellip;]<\/p>\n","protected":false},"author":4,"featured_media":4907,"comment_status":"","ping_status":"","sticky":false,"template":"","format":"standard","meta":{"footnotes":""},"categories":[33],"tags":[],"class_list":["post-4906","post","type-post","status-publish","format-standard","has-post-thumbnail","hentry","category-cultura"],"_links":{"self":[{"href":"https:\/\/conexion-mx.com\/index.php?rest_route=\/wp\/v2\/posts\/4906","targetHints":{"allow":["GET"]}}],"collection":[{"href":"https:\/\/conexion-mx.com\/index.php?rest_route=\/wp\/v2\/posts"}],"about":[{"href":"https:\/\/conexion-mx.com\/index.php?rest_route=\/wp\/v2\/types\/post"}],"author":[{"embeddable":true,"href":"https:\/\/conexion-mx.com\/index.php?rest_route=\/wp\/v2\/users\/4"}],"replies":[{"embeddable":true,"href":"https:\/\/conexion-mx.com\/index.php?rest_route=%2Fwp%2Fv2%2Fcomments&post=4906"}],"version-history":[{"count":0,"href":"https:\/\/conexion-mx.com\/index.php?rest_route=\/wp\/v2\/posts\/4906\/revisions"}],"wp:featuredmedia":[{"embeddable":true,"href":"https:\/\/conexion-mx.com\/index.php?rest_route=\/wp\/v2\/media\/4907"}],"wp:attachment":[{"href":"https:\/\/conexion-mx.com\/index.php?rest_route=%2Fwp%2Fv2%2Fmedia&parent=4906"}],"wp:term":[{"taxonomy":"category","embeddable":true,"href":"https:\/\/conexion-mx.com\/index.php?rest_route=%2Fwp%2Fv2%2Fcategories&post=4906"},{"taxonomy":"post_tag","embeddable":true,"href":"https:\/\/conexion-mx.com\/index.php?rest_route=%2Fwp%2Fv2%2Ftags&post=4906"}],"curies":[{"name":"wp","href":"https:\/\/api.w.org\/{rel}","templated":true}]}}