{"id":4910,"date":"2026-07-22T07:28:18","date_gmt":"2026-07-22T12:28:18","guid":{"rendered":"https:\/\/conexion-mx.com\/?p=4910"},"modified":"2026-07-22T07:28:18","modified_gmt":"2026-07-22T12:28:18","slug":"cuando-y-a-que-hora-empieza-la-casa-de-los-famosos-mexico-2026-lista-oficial-de-habitantes-y-cuartos-confirmados","status":"publish","type":"post","link":"https:\/\/conexion-mx.com\/?p=4910","title":{"rendered":"\u00bfCu\u00e1ndo y a qu\u00e9 hora empieza La Casa de los Famosos M\u00e9xico 2026? | Lista OFICIAL de habitantes y cuartos CONFIRMADOS"},"content":{"rendered":"<p> <br \/>\n<\/p>\n<div>\n<p>La cuenta regresiva termin\u00f3 y <strong>La Casa de los Famosos M\u00e9xico 2026<\/strong> ya tiene todo listo para abrir sus puertas a sus nuevos habitantes. La <strong>cuarta temporada<\/strong> del reality de Televisa reunir\u00e1 a actores, cantantes, influencers y conductores que convivir\u00e1n las 24 horas del d\u00eda bajo la vigilancia de decenas de c\u00e1maras, mientras compiten por convertirse en el ganador del programa.<\/p>\n<p>El estreno ser\u00e1 el <strong>domingo 26 de julio de 2026<\/strong>\u00a0con el ingreso de los nuevos\u00a0<strong>habitantes<\/strong> a la casa, adem\u00e1s de presentar la din\u00e1mica que seguir\u00e1 el reality durante las pr\u00f3ximas semanas. Como ha ocurrido en temporadas anteriores, la gala inaugural ser\u00e1 transmitida por Las Estrellas y tambi\u00e9n estar\u00e1 disponible mediante la plataforma <strong>Vix<\/strong>, donde los seguidores podr\u00e1n acceder a la se\u00f1al en vivo las 24 horas.<\/p>\n<aside class=\"htmlinline\"\/>\n<p>La emisi\u00f3n comenzar\u00e1 a las 8:30 de la noche, horario en el que <strong>Galilea Montijo<\/strong> encabezar\u00e1 la presentaci\u00f3n oficial de los <strong>participantes<\/strong> y el arranque de la competencia.\u00a0 Adem\u00e1s de la gala del domingo, el reality mantendr\u00e1 su programaci\u00f3n habitual con emisiones diarias dedicadas a las pruebas, nominaciones, salvaci\u00f3n y eliminaci\u00f3n de los habitantes, mientras la transmisi\u00f3n 24 horas permitir\u00e1 seguir todas las conversaciones, alianzas y conflictos dentro de la casa.\u00a0<\/p>\n<h2>\u00a0\u00bfCu\u00e1les son los cuartos de La Casa de los Famosos M\u00e9xico 2026?<\/h2>\n<figure class=\"image\"><img loading=\"lazy\" decoding=\"async\" alt=\"\" height=\"435\" src=\"https:\/\/heraldodemexico.com.mx\/u\/fotografias\/m\/2026\/7\/22\/f768x1-1309635_1309762_5050.jpg\" width=\"768\"\/>&#13;<figcaption>La gala iniciar\u00e1 en punto de las 8:30 pm | Archivo<\/figcaption>&#13;<br \/>\n<\/figure>\n<p>Una de las principales novedades de esta edici\u00f3n es que ya no habr\u00e1 \u00fanicamente dos dormitorios. La producci\u00f3n confirm\u00f3 que los habitantes ser\u00e1n distribuidos en <strong>tres cuartos<\/strong>, cuyos nombres estar\u00e1n inspirados en <strong>destinos tur\u00edsticos<\/strong> reconocidos: <strong>Tulum, Ibiza y Malib\u00fa<\/strong>. La divisi\u00f3n definitiva se conocer\u00e1 durante la gala de estreno, cuando cada famoso descubra d\u00f3nde dormir\u00e1 y con qui\u00e9n compartir\u00e1 habitaci\u00f3n.\u00a0\u00a0<\/p>\n<p>El cambio podr\u00eda modificar la manera en que se forman las alianzas dentro del reality, ya que en temporadas anteriores, los dos cuartos terminaron convirti\u00e9ndose en <strong>equipos enfrentados<\/strong> durante las nominaciones y las pruebas. Ahora, al existir tres habitaciones, los votos podr\u00edan dividirse de otra forma y generar acuerdos temporales entre distintos grupos.<\/p>\n<p>La producci\u00f3n tambi\u00e9n adelant\u00f3 que habr\u00e1 m\u00e1s habitantes de los acostumbrados. Aunque inicialmente fueron presentados 15 participantes, Galilea Montijo anunci\u00f3 que durante el estreno ingresar\u00e1n otros famosos sorpresa. Por ello, la<strong> lista completa<\/strong> y la distribuci\u00f3n de los cuartos no quedar\u00e1n definidas hasta la gala del domingo 26 de julio.\u00a0<\/p>\n<h2>Lista de habitantes confirmados para La Casa de los Famosos M\u00e9xico 2026<\/h2>\n<p>Hasta el 22 de julio de 2026, los habitantes presentados oficialmente son:<\/p>\n<ul>&#13;<\/p>\n<li>Ernesto Laguardia<\/li>\n<p>&#13;<\/p>\n<li>Karina Torres<\/li>\n<p>&#13;<\/p>\n<li>Ximena Herrera<\/li>\n<p>&#13;<\/p>\n<li>Aldo Rend\u00f3n,<\/li>\n<p>&#13;<\/p>\n<li>Mois\u00e9s Pe\u00f1aloza<\/li>\n<p>&#13;<\/p>\n<li>Cynthia Klitbo<\/li>\n<p>&#13;<\/p>\n<li>Yahir<\/li>\n<p>&#13;<\/p>\n<li>Flor Vigna<\/li>\n<p>&#13;<\/p>\n<li>Masad Altamimi<\/li>\n<p>&#13;<\/p>\n<li>Arantza Ruiz<\/li>\n<p>&#13;<\/p>\n<li>Ese P\u00e9rez<\/li>\n<p>&#13;<\/p>\n<li>Fede Vigevani<\/li>\n<p>&#13;<\/p>\n<li>Brianda Deyanara<\/li>\n<p>&#13;<\/p>\n<li>Memo Schutz<\/li>\n<p>&#13;<\/p>\n<li>Yanet Garc\u00eda<\/li>\n<p>&#13;\n<\/ul>\n<p>Los \u00faltimos participantes se conocer\u00e1n durante la gala de inauguraci\u00f3n. De esta manera, ser\u00e1 hasta el domingo 26 de julio a las 20:30 horas cuando se confirme cu\u00e1ntas personas competir\u00e1n, qui\u00e9nes ser\u00e1n los habitantes sorpresa y c\u00f3mo quedar\u00e1n integrados los <strong>cuartos Tulum, Ibiza y Malib\u00fa<\/strong> en el inicio de <strong>La Casa de los Famosos M\u00e9xico 2026<\/strong>.&#13;<br \/>\n&#13;<br \/>\n&#13;\n                                <\/p>\n<\/p><\/div>\n<p><script>\n    !function(f,b,e,v,n,t,s)\n    {if(f.fbq)return;n=f.fbq=function(){n.callMethod?\n    n.callMethod.apply(n,arguments):n.queue.push(arguments)};\n    if(!f._fbq)f._fbq=n;n.push=n;n.loaded=!0;n.version='2.0';\n    n.queue=[];t=b.createElement(e);t.async=!0;\n    t.src=v;s=b.getElementsByTagName(e)[0];\n    s.parentNode.insertBefore(t,s)}(window, document,'script',\n    'https:\/\/connect.facebook.net\/en_US\/fbevents.js');\n    fbq('init', '237927003583820');\n    fbq('track', 'PageView');\n  <\/script><script>\n    !function(f,b,e,v,n,t,s)\n    {if(f.fbq)return;n=f.fbq=function(){n.callMethod?\n    n.callMethod.apply(n,arguments):n.queue.push(arguments)};\n    if(!f._fbq)f._fbq=n;n.push=n;n.loaded=!0;n.version='2.0';\n    n.queue=[];t=b.createElement(e);t.async=!0;\n    t.src=v;s=b.getElementsByTagName(e)[0];\n    s.parentNode.insertBefore(t,s)}(window, document,'script',\n    'https:\/\/connect.facebook.net\/en_US\/fbevents.js');\n    fbq('init', '775201487065840');\n    fbq('track', 'PageView');\n    <\/script><br \/>\n<br \/><\/p>\n","protected":false},"excerpt":{"rendered":"<p>La cuenta regresiva termin\u00f3 y La Casa de los Famosos M\u00e9xico 2026 ya tiene todo listo para abrir sus puertas a sus nuevos habitantes. La cuarta temporada del reality de Televisa reunir\u00e1 a actores, cantantes, influencers y conductores que convivir\u00e1n las 24 horas del d\u00eda bajo la vigilancia de decenas de c\u00e1maras, mientras compiten por [&hellip;]<\/p>\n","protected":false},"author":2,"featured_media":4911,"comment_status":"","ping_status":"","sticky":false,"template":"","format":"standard","meta":{"footnotes":""},"categories":[2],"tags":[],"class_list":["post-4910","post","type-post","status-publish","format-standard","has-post-thumbnail","hentry","category-local"],"_links":{"self":[{"href":"https:\/\/conexion-mx.com\/index.php?rest_route=\/wp\/v2\/posts\/4910","targetHints":{"allow":["GET"]}}],"collection":[{"href":"https:\/\/conexion-mx.com\/index.php?rest_route=\/wp\/v2\/posts"}],"about":[{"href":"https:\/\/conexion-mx.com\/index.php?rest_route=\/wp\/v2\/types\/post"}],"author":[{"embeddable":true,"href":"https:\/\/conexion-mx.com\/index.php?rest_route=\/wp\/v2\/users\/2"}],"replies":[{"embeddable":true,"href":"https:\/\/conexion-mx.com\/index.php?rest_route=%2Fwp%2Fv2%2Fcomments&post=4910"}],"version-history":[{"count":0,"href":"https:\/\/conexion-mx.com\/index.php?rest_route=\/wp\/v2\/posts\/4910\/revisions"}],"wp:featuredmedia":[{"embeddable":true,"href":"https:\/\/conexion-mx.com\/index.php?rest_route=\/wp\/v2\/media\/4911"}],"wp:attachment":[{"href":"https:\/\/conexion-mx.com\/index.php?rest_route=%2Fwp%2Fv2%2Fmedia&parent=4910"}],"wp:term":[{"taxonomy":"category","embeddable":true,"href":"https:\/\/conexion-mx.com\/index.php?rest_route=%2Fwp%2Fv2%2Fcategories&post=4910"},{"taxonomy":"post_tag","embeddable":true,"href":"https:\/\/conexion-mx.com\/index.php?rest_route=%2Fwp%2Fv2%2Ftags&post=4910"}],"curies":[{"name":"wp","href":"https:\/\/api.w.org\/{rel}","templated":true}]}}