{"id":4916,"date":"2026-07-22T15:36:42","date_gmt":"2026-07-22T20:36:42","guid":{"rendered":"https:\/\/conexion-mx.com\/?p=4916"},"modified":"2026-07-22T15:36:42","modified_gmt":"2026-07-22T20:36:42","slug":"cuantos-anos-podria-pasar-en-la-carcel-liliana-n-senalada-por-haber-arrastrado-al-perrito-rocky-en-saltillo","status":"publish","type":"post","link":"https:\/\/conexion-mx.com\/?p=4916","title":{"rendered":"\u00bfCu\u00e1ntos a\u00f1os podr\u00eda pasar en la c\u00e1rcel Liliana \u00abN\u00bb, se\u00f1alada por haber arrastrado al perrito Rocky en Saltillo?"},"content":{"rendered":"<p> <br \/>\n<\/p>\n<div>\n<p>El tr\u00e1gico fallecimiento del perrito <strong>Rocky<\/strong> a causa de las lesiones de gravedad que sufri\u00f3\u00a0luego de haber sido violentado y arrastrado por una camioneta en <strong>Saltillo<\/strong>, <strong>Coahuila<\/strong>, ha provocado una ola de indignaci\u00f3n p\u00fablica y la r\u00e1pida intervenci\u00f3n de las autoridades locales.<\/p>\n<p>Tras las denuncias presentadas por la asociaci\u00f3n<strong> Dignidad Animal A.C.<\/strong> y vecinos del sector, las investigaciones legales han avanzado para fincar responsabilidad penal contra los agresores.<\/p>\n<aside class=\"htmlinline\"\/>\n<p>En entrevista para\u00a0el programa \u00ab<strong>Maca Diario<\/strong>\u00bb de El Heraldo Radio, que se transmite mediante la se\u00f1al de El Heraldo Media Group,\u00a0<strong>Juan Jos\u00e9 Cornejo<\/strong>, fundador de <strong>Dignidad Animal A.C.<\/strong>, detall\u00f3 el origen del proceso legal y la coordinaci\u00f3n con la <strong>Fiscal\u00eda<\/strong> <strong>del Estado<\/strong> para atender el caso.<\/p>\n<aside class=\"relacionadas con-foto linea-1078\"><strong class=\"relacionadas-titulo-gral\">Noticias Relacionadas<\/strong><\/aside>\n<blockquote><p>&#13;<\/p>\n<p>\u00abInmediatamente Alejandro y un servidor dimos instrucciones para que, con los videos que se tienen, pudi\u00e9ramos presentar la denuncia de maltrato animal contra quien resultara responsable.\u00bb, dijo\u00a0Cornejo.<\/p>\n<p>&#13;\n<\/p><\/blockquote>\n<h2>\u00bfCu\u00e1ntos a\u00f1os podr\u00eda pasar Liliana \u00abN\u00bb en la c\u00e1rcel?<\/h2>\n<p>Respecto a las penas que podr\u00eda enfrentar <strong>Liliana \u00abN\u00bb<\/strong>, identificada como la presunta agresora bajo la legislaci\u00f3n vigente en el estado de <strong>Coahuila<\/strong>, Cornejo explic\u00f3 las implicaciones legales cuando los actos de violencia resultan en la muerte del animal, delito que se castiga hasta con 8 a\u00f1os de c\u00e1rcel.<\/p>\n<blockquote><p>&#13;<\/p>\n<p>\u00abLos delitos de esta naturaleza, como es el maltrato animal, van entre los 2 y 4 a\u00f1os cuando el maltrato no es tan grave, pero cuando el perrito muere, como es el caso ahorita ya de Rocky, las sanciones se duplican, entonces pudiera llegar a tener un castigo hasta de 8 a\u00f1os de prisi\u00f3n.\u00bb, explic\u00f3\u00a0Cornejo.<\/p>\n<p>&#13;\n<\/p><\/blockquote>\n<p>Asimismo, <strong>Cornejo<\/strong> aclar\u00f3 la postura de la organizaci\u00f3n querellante en relaci\u00f3n con el desarrollo del juicio y el cumplimiento estricto del debido proceso.<\/p>\n<blockquote><p>&#13;<\/p>\n<p>\u00abVamos a tener que estar muy al pendiente de que la persona sea juzgada correctamente, sea dentro del margen legal, y claro, cuidaremos que la sanci\u00f3n sea en relaci\u00f3n a lo que hizo.\u00bb, dijo\u00a0Cornejo.&#13;\n<\/p>\n<\/blockquote>\n<h2>Alegatos de la defensa y acusaciones de colusi\u00f3n<\/h2>\n<p>Durante la conversaci\u00f3n, <strong>Cornejo<\/strong> tambi\u00e9n revel\u00f3 que la defensa de la se\u00f1alada ha intentado presentar atenuantes para evitar la c\u00e1rcel, argumentando posibles padecimientos de <strong>salud mental<\/strong>.&#13;<br \/>\n&#13;\n<\/p>\n<blockquote><p>&#13;<\/p>\n<p>\u00abEllos est\u00e1n argumentando algunos atenuantes como que la se\u00f1ora, al parecer, tiene ciertos problemas psiqui\u00e1tricos, creo que incluso han dicho que ha estado internada.\u00bb, dijo\u00a0Cornejo.&#13;\n<\/p>\n<\/blockquote>\n<p>Asimismo, el activista denunci\u00f3 que han surgido campa\u00f1as de desinformaci\u00f3n que buscan <strong>desacreditar<\/strong> la labor de la asociaci\u00f3n y del personal m\u00e9dico que atendi\u00f3 el caso, llegando a acusarlos de estar coludidos con la <strong>agresora<\/strong>.&#13;<br \/>\n&#13;\n<\/p>\n<blockquote><p>&#13;<\/p>\n<p>\u00abLleg\u00f3 a decirse que nosotros, los que presentamos la denuncia, est\u00e1bamos coludidos con el doctor, est\u00e1bamos coludidos con la persona que cometi\u00f3 la infracci\u00f3n, sin embargo, nosotros ni conocemos a la persona ni sabemos qui\u00e9nes son.\u00bb, dijo\u00a0Cornejo.&#13;\n<\/p>\n<\/blockquote>\n<h2>Concientizaci\u00f3n y derechos de los animales<\/h2>\n<p>El fundador de <strong>Dignidad Animal A.C. <\/strong>destac\u00f3 adem\u00e1s el impacto social del caso, se\u00f1alando el papel de la ciudadan\u00eda y la importancia de <strong>visibilizar<\/strong> y <strong>sancionar<\/strong> el <strong>maltrato<\/strong> <strong>animal<\/strong> conforme a la ley.&#13;<br \/>\n&#13;\n<\/p>\n<blockquote><p>&#13;<\/p>\n<p>\u00abTodas estas manifestaciones que se dieron, tanto en la cl\u00ednica como en la casa habitaci\u00f3n de la persona, no fueron ni siquiera convocadas; fue mucha gente voluntariamente a inconformarse o hacer patente su coraje por lo que estaba sucediendo.\u00bb, dijo Cornejo.&#13;\n<\/p>\n<\/blockquote>\n<p>Finalmente, <strong>Cornejo<\/strong> enfatiz\u00f3 la naturaleza sintiente de los animales y la necesidad prioritaria de garantizar su protecci\u00f3n legal y bienestar.&#13;<br \/>\n&#13;\n<\/p>\n<blockquote><p>&#13;<\/p>\n<p>\u00abUn ser sintiente es igual que cualquier persona que tiene vida, que sufre, que llora, que se indigna. Y los perros sienten tanto como nosotros.\u00bb, dijo Cornejo.&#13;\n<\/p>\n<\/blockquote><\/div>\n<p><script>\n    !function(f,b,e,v,n,t,s)\n    {if(f.fbq)return;n=f.fbq=function(){n.callMethod?\n    n.callMethod.apply(n,arguments):n.queue.push(arguments)};\n    if(!f._fbq)f._fbq=n;n.push=n;n.loaded=!0;n.version='2.0';\n    n.queue=[];t=b.createElement(e);t.async=!0;\n    t.src=v;s=b.getElementsByTagName(e)[0];\n    s.parentNode.insertBefore(t,s)}(window, document,'script',\n    'https:\/\/connect.facebook.net\/en_US\/fbevents.js');\n    fbq('init', '237927003583820');\n    fbq('track', 'PageView');\n  <\/script><script>\n    !function(f,b,e,v,n,t,s)\n    {if(f.fbq)return;n=f.fbq=function(){n.callMethod?\n    n.callMethod.apply(n,arguments):n.queue.push(arguments)};\n    if(!f._fbq)f._fbq=n;n.push=n;n.loaded=!0;n.version='2.0';\n    n.queue=[];t=b.createElement(e);t.async=!0;\n    t.src=v;s=b.getElementsByTagName(e)[0];\n    s.parentNode.insertBefore(t,s)}(window, document,'script',\n    'https:\/\/connect.facebook.net\/en_US\/fbevents.js');\n    fbq('init', '802372280934901');\n    fbq('track', 'PageView');\n    <\/script><br \/>\n<br \/><\/p>\n","protected":false},"excerpt":{"rendered":"<p>El tr\u00e1gico fallecimiento del perrito Rocky a causa de las lesiones de gravedad que sufri\u00f3\u00a0luego de haber sido violentado y arrastrado por una camioneta en Saltillo, Coahuila, ha provocado una ola de indignaci\u00f3n p\u00fablica y la r\u00e1pida intervenci\u00f3n de las autoridades locales. Tras las denuncias presentadas por la asociaci\u00f3n Dignidad Animal A.C. y vecinos del [&hellip;]<\/p>\n","protected":false},"author":2,"featured_media":4917,"comment_status":"","ping_status":"","sticky":false,"template":"","format":"standard","meta":{"footnotes":""},"categories":[2],"tags":[],"class_list":["post-4916","post","type-post","status-publish","format-standard","has-post-thumbnail","hentry","category-local"],"_links":{"self":[{"href":"https:\/\/conexion-mx.com\/index.php?rest_route=\/wp\/v2\/posts\/4916","targetHints":{"allow":["GET"]}}],"collection":[{"href":"https:\/\/conexion-mx.com\/index.php?rest_route=\/wp\/v2\/posts"}],"about":[{"href":"https:\/\/conexion-mx.com\/index.php?rest_route=\/wp\/v2\/types\/post"}],"author":[{"embeddable":true,"href":"https:\/\/conexion-mx.com\/index.php?rest_route=\/wp\/v2\/users\/2"}],"replies":[{"embeddable":true,"href":"https:\/\/conexion-mx.com\/index.php?rest_route=%2Fwp%2Fv2%2Fcomments&post=4916"}],"version-history":[{"count":0,"href":"https:\/\/conexion-mx.com\/index.php?rest_route=\/wp\/v2\/posts\/4916\/revisions"}],"wp:featuredmedia":[{"embeddable":true,"href":"https:\/\/conexion-mx.com\/index.php?rest_route=\/wp\/v2\/media\/4917"}],"wp:attachment":[{"href":"https:\/\/conexion-mx.com\/index.php?rest_route=%2Fwp%2Fv2%2Fmedia&parent=4916"}],"wp:term":[{"taxonomy":"category","embeddable":true,"href":"https:\/\/conexion-mx.com\/index.php?rest_route=%2Fwp%2Fv2%2Fcategories&post=4916"},{"taxonomy":"post_tag","embeddable":true,"href":"https:\/\/conexion-mx.com\/index.php?rest_route=%2Fwp%2Fv2%2Ftags&post=4916"}],"curies":[{"name":"wp","href":"https:\/\/api.w.org\/{rel}","templated":true}]}}