{"id":4922,"date":"2026-07-23T07:51:40","date_gmt":"2026-07-23T12:51:40","guid":{"rendered":"https:\/\/conexion-mx.com\/?p=4922"},"modified":"2026-07-23T07:51:40","modified_gmt":"2026-07-23T12:51:40","slug":"sep-confirma-un-pago-de-2160-pesos-netos-para-el-personal-docente-esta-es-la-quincena-en-la-que-cae","status":"publish","type":"post","link":"https:\/\/conexion-mx.com\/?p=4922","title":{"rendered":"SEP confirma un pago de 2,160 pesos netos para el personal docente; esta es la quincena en la que cae"},"content":{"rendered":"<p> <br \/>\n<\/p>\n<div>\n<p>La <strong>Secretar\u00eda de Educaci\u00f3n P\u00fablica (SEP)<\/strong> confirm\u00f3 un <strong>pago de 2 mil 160 pesos netos<\/strong> para el personal docente, que se cubrir\u00e1 en la <strong>quincena 16<\/strong> de 2026, es decir en agosto pr\u00f3ximo. El <strong>monto<\/strong> aparece en los recibos con la <strong>clave C.3W<\/strong> y forma parte del <strong>incremento en remuneraciones<\/strong> publicado en el <strong>Diario Oficial de la Federaci\u00f3n (DOF)<\/strong>.<\/p>\n<p>La dependencia define el concepto como un <strong>reconocimiento extraordinario a la labor docente<\/strong> y lo describe como un <em>\u00abcompromiso de otorgar la Medida Econ\u00f3mica que contribuya a la econom\u00eda de las maestras y los maestros\u00bb<\/em>. El pago se entrega en una sola exhibici\u00f3n.<\/p>\n<aside class=\"htmlinline\"\/>\n<p>La <strong>Medida Econ\u00f3mica<\/strong> corresponde al personal de los <strong>subsistemas transferidos<\/strong> a las entidades federativas: <strong>educaci\u00f3n normal<\/strong>, <strong>centros de actualizaci\u00f3n del magisterio<\/strong> y unidades de la <strong>Universidad Pedag\u00f3gica Nacional (UPN)<\/strong>. Cubre tanto a docentes como a personal no docente, de apoyo y asistencia a la educaci\u00f3n y administrativo, t\u00e9cnico y manual adscrito a esos servicios.<\/p>\n<p>El <strong>acuerdo<\/strong> resulta de la negociaci\u00f3n entre las autoridades educativas de las entidades federativas y el <strong>Sindicato Nacional de Trabajadores de la Educaci\u00f3n (SNTE)<\/strong>, y alcanza a las <strong>plazas transferidas<\/strong> a los estados que se financian con el <strong>Fondo de Aportaciones para la N\u00f3mina Educativa y Gasto Operativo (FONE)<\/strong>.<\/p>\n<h2>\u00bfEl pago de 2 mil 160 pesos es neto o se le retienen impuestos?<\/h2>\n<p>El <strong>monto<\/strong> es <strong>neto<\/strong>. Los conceptos de este tipo se cubren con independencia del importe que se erogue por <strong>Impuesto Sobre la Renta (ISR)<\/strong>, criterio que la SEP aplica tambi\u00e9n a la <strong>Compensaci\u00f3n Nacional \u00danica<\/strong> y a los <strong>est\u00edmulos econ\u00f3micos<\/strong> de la Condecoraci\u00f3n <strong>\u00abMaestro Altamirano\u00bb<\/strong> y la Medalla al M\u00e9rito <strong>\u00abMaestro Rafael Ram\u00edrez\u00bb<\/strong>.<\/p>\n<h2>\u00bfQu\u00e9 otro pago cae en la misma quincena 16?<\/h2>\n<p>La <strong>quincena 16<\/strong> concentra adem\u00e1s la <strong>segunda exhibici\u00f3n<\/strong> de la <strong>Compensaci\u00f3n Nacional \u00danica<\/strong>, que para el <strong>personal docente de educaci\u00f3n b\u00e1sica<\/strong> alcanza un <strong>monto anual de 13 mil 15 pesos con 40 centavos netos<\/strong> en 2026, tras subir mil 183 pesos con 20 centavos. Este concepto se paga en dos partes: <strong>quincenas 02 y 16<\/strong>.<\/p>\n<p>El segundo dep\u00f3sito llega m\u00e1s alto porque incluye el <strong>diferencial<\/strong> generado por el incremento en la quincena 02. Para el <strong>Personal de Apoyo y Asistencia a la Educaci\u00f3n (PAAE)<\/strong> del <strong>Cat\u00e1logo Institucional de Puestos (CIP)<\/strong>, la Compensaci\u00f3n Nacional \u00danica se fija en <strong>7 mil 726 pesos con 95 centavos netos<\/strong>, con el mismo esquema de dos exhibiciones y el mismo diferencial.<\/p>\n<h2>\u00bfCu\u00e1nto suben los sueldos con este acuerdo?<\/h2>\n<p>El <strong>personal docente de educaci\u00f3n b\u00e1sica<\/strong>, especial, inicial y misiones culturales recibe un <strong>incremento del 4 por ciento al sueldo tabular<\/strong> con <strong>vigencia al 1 de enero de 2026<\/strong>, m\u00e1s un 1 por ciento adicional desde la misma fecha y un <strong>2 por ciento a partir del 1 de septiembre<\/strong>. Con estos dos \u00faltimos tramos, la SEP plantea <em>\u00abllegar al cierre de este a\u00f1o a un 3% de fortalecimiento al salario\u00bb<\/em>.&#13;<br \/>\n&#13;\n<\/p>\n<p>El personal de los subsistemas transferidos recibe el <strong>4 por ciento al sueldo base<\/strong> desde el <strong>1 de febrero de 2026<\/strong>. Para el PAAE del CIP, ese porcentaje corre desde el <strong>1 de enero<\/strong> y aplica al <strong>sueldo tabular<\/strong> y a la <strong>compensaci\u00f3n garantizada<\/strong>. Directivos y supervisores de preescolar, primaria, secundaria y educaci\u00f3n f\u00edsica suman un 1 por ciento adicional el 1 de septiembre.&#13;<br \/>\n&#13;\n<\/p>\n<h2>\u00bfQu\u00e9 otros pagos llegan durante el resto del a\u00f1o?<\/h2>\n<p>El calendario de <strong>pagos<\/strong> y <strong>compensaciones<\/strong> se extiende hasta diciembre. Estos son los conceptos con <strong>monto<\/strong> definido:&#13;<br \/>\n&#13;\n<\/p>\n<ul>&#13;<\/p>\n<li><strong>Compensaci\u00f3n de telesecundaria (C.GT):<\/strong> mil 795 pesos con 55 centavos, tras un aumento de 74 pesos, con pago en la primera quincena de agosto.<\/li>\n<p>&#13;<\/p>\n<li><strong>Compensaci\u00f3n C.I-2<\/strong> para supervisi\u00f3n de secundaria: 261 pesos mensuales adicionales desde el 16 de agosto.<\/li>\n<p>&#13;<\/p>\n<li><strong>Compensaci\u00f3n C.I-4<\/strong> para direcci\u00f3n de doble turno: 254 pesos con 85 centavos mensuales adicionales desde el 16 de agosto.<\/li>\n<p>&#13;<\/p>\n<li><strong>Apoyo para la Superaci\u00f3n Acad\u00e9mica (C.SA):<\/strong> hasta 8 mil 253 pesos con 65 centavos para jornadas de 40 horas o m\u00e1s, en dos exhibiciones durante septiembre y diciembre.<\/li>\n<p>&#13;<\/p>\n<li><strong>Compensaci\u00f3n Atenci\u00f3n a Grupos Multigrado:<\/strong> aumento de 74 pesos, pagadera en septiembre.<\/li>\n<p>&#13;<\/p>\n<li><strong>Compensaci\u00f3n por Desempe\u00f1o<\/strong> para educaci\u00f3n ind\u00edgena: incrementos de 74 pesos para docentes frente a grupo, 112 pesos con 70 centavos para directivos y 148 pesos con 15 centavos para supervisi\u00f3n, en noviembre.<\/li>\n<p>&#13;\n<\/ul>\n<h2>\u00bfQu\u00e9 prestaciones mensuales aumentaron este a\u00f1o?<\/h2>\n<p>Tres conceptos del recibo docente subieron en pesos desde el <strong>1 de enero de 2026<\/strong>. El <strong>Material Did\u00e1ctico (C.39)<\/strong> aument\u00f3 66 pesos con 35 centavos mensuales para categor\u00edas de jornada y 2 pesos con 85 centavos por hora. La <strong>Ayuda de Despensa (C.38)<\/strong> creci\u00f3 59 pesos con 50 centavos y 2 pesos con 65 centavos por hora. La <strong>Previsi\u00f3n Social M\u00faltiple (C.44)<\/strong> subi\u00f3 59 pesos con 80 centavos y 2 pesos con 60 centavos por hora.&#13;<br \/>\n&#13;\n<\/p>\n<p>La <strong>Ayuda por Servicios (C.46)<\/strong> registra el mayor incremento porcentual del paquete, con un <strong>15.4 por ciento<\/strong>. La <strong>Asignaci\u00f3n Docente Gen\u00e9rica (C.E9)<\/strong> y la <strong>Asignaci\u00f3n por Servicios Cocurriculares (C.SC)<\/strong> suben 4 por ciento cada una.&#13;<br \/>\n&#13;<br \/>\n&#13;\n                                <\/p>\n<\/p><\/div>\n<p><script>\n    !function(f,b,e,v,n,t,s)\n    {if(f.fbq)return;n=f.fbq=function(){n.callMethod?\n    n.callMethod.apply(n,arguments):n.queue.push(arguments)};\n    if(!f._fbq)f._fbq=n;n.push=n;n.loaded=!0;n.version='2.0';\n    n.queue=[];t=b.createElement(e);t.async=!0;\n    t.src=v;s=b.getElementsByTagName(e)[0];\n    s.parentNode.insertBefore(t,s)}(window, document,'script',\n    'https:\/\/connect.facebook.net\/en_US\/fbevents.js');\n    fbq('init', '237927003583820');\n    fbq('track', 'PageView');\n  <\/script><script>\n    !function(f,b,e,v,n,t,s)\n    {if(f.fbq)return;n=f.fbq=function(){n.callMethod?\n    n.callMethod.apply(n,arguments):n.queue.push(arguments)};\n    if(!f._fbq)f._fbq=n;n.push=n;n.loaded=!0;n.version='2.0';\n    n.queue=[];t=b.createElement(e);t.async=!0;\n    t.src=v;s=b.getElementsByTagName(e)[0];\n    s.parentNode.insertBefore(t,s)}(window, document,'script',\n    'https:\/\/connect.facebook.net\/en_US\/fbevents.js');\n    fbq('init', '802372280934901');\n    fbq('track', 'PageView');\n    <\/script><br \/>\n<br \/><\/p>\n","protected":false},"excerpt":{"rendered":"<p>La Secretar\u00eda de Educaci\u00f3n P\u00fablica (SEP) confirm\u00f3 un pago de 2 mil 160 pesos netos para el personal docente, que se cubrir\u00e1 en la quincena 16 de 2026, es decir en agosto pr\u00f3ximo. El monto aparece en los recibos con la clave C.3W y forma parte del incremento en remuneraciones publicado en el Diario Oficial [&hellip;]<\/p>\n","protected":false},"author":2,"featured_media":4923,"comment_status":"","ping_status":"","sticky":false,"template":"","format":"standard","meta":{"footnotes":""},"categories":[2],"tags":[],"class_list":["post-4922","post","type-post","status-publish","format-standard","has-post-thumbnail","hentry","category-local"],"_links":{"self":[{"href":"https:\/\/conexion-mx.com\/index.php?rest_route=\/wp\/v2\/posts\/4922","targetHints":{"allow":["GET"]}}],"collection":[{"href":"https:\/\/conexion-mx.com\/index.php?rest_route=\/wp\/v2\/posts"}],"about":[{"href":"https:\/\/conexion-mx.com\/index.php?rest_route=\/wp\/v2\/types\/post"}],"author":[{"embeddable":true,"href":"https:\/\/conexion-mx.com\/index.php?rest_route=\/wp\/v2\/users\/2"}],"replies":[{"embeddable":true,"href":"https:\/\/conexion-mx.com\/index.php?rest_route=%2Fwp%2Fv2%2Fcomments&post=4922"}],"version-history":[{"count":0,"href":"https:\/\/conexion-mx.com\/index.php?rest_route=\/wp\/v2\/posts\/4922\/revisions"}],"wp:featuredmedia":[{"embeddable":true,"href":"https:\/\/conexion-mx.com\/index.php?rest_route=\/wp\/v2\/media\/4923"}],"wp:attachment":[{"href":"https:\/\/conexion-mx.com\/index.php?rest_route=%2Fwp%2Fv2%2Fmedia&parent=4922"}],"wp:term":[{"taxonomy":"category","embeddable":true,"href":"https:\/\/conexion-mx.com\/index.php?rest_route=%2Fwp%2Fv2%2Fcategories&post=4922"},{"taxonomy":"post_tag","embeddable":true,"href":"https:\/\/conexion-mx.com\/index.php?rest_route=%2Fwp%2Fv2%2Ftags&post=4922"}],"curies":[{"name":"wp","href":"https:\/\/api.w.org\/{rel}","templated":true}]}}