{"id":4932,"date":"2026-07-23T23:56:11","date_gmt":"2026-07-24T04:56:11","guid":{"rendered":"https:\/\/conexion-mx.com\/?p=4932"},"modified":"2026-07-23T23:56:11","modified_gmt":"2026-07-24T04:56:11","slug":"elecciones-2027-que-cargos-se-eligen-en-tlaxcala","status":"publish","type":"post","link":"https:\/\/conexion-mx.com\/?p=4932","title":{"rendered":"Elecciones 2027: \u00bfQu\u00e9 cargos se eligen en Tlaxcala?"},"content":{"rendered":"<p> <br \/>\n<\/p>\n<div itemprop=\"articleBody\">\n<div class=\"txt_contenido\">\n<p><strong>Las elecciones de 2027 <\/strong>en M\u00e9xico se perfilan como uno de los procesos democr\u00e1ticos m\u00e1s relevantes por la magnitud de cargos en disputa y su impacto en la vida p\u00fablica del pa\u00eds. De acuerdo con el <strong>Instituto Nacional Electoral (INE)<\/strong>, ser\u00e1 una jornada concurrente en la que coincidir\u00e1n <strong>elecciones federales y locales.<\/strong><\/p>\n<p>En este contexto, millones de ciudadanos acudir\u00e1n a las urnas para renovar la C\u00e1mara de Diputados, as\u00ed como distintos cargos en gobiernos estatales y municipales.<\/p>\n<aside class=\"htmlinline\"\/>\n<h2>\u00bfQu\u00e9 se elegir\u00e1 en 2027?<\/h2>\n<p>A nivel nacional, el proceso implicar\u00e1 la renovaci\u00f3n de m\u00faltiples espacios de representaci\u00f3n, lo que representa un reto log\u00edstico por la diversidad de elecciones que se llevar\u00e1n a cabo de manera simult\u00e1nea:<\/p>\n<ul>&#13;<\/p>\n<li>500 diputaciones federales.<\/li>\n<p>&#13;<\/p>\n<li>17 gubernaturas.<\/li>\n<p>&#13;<\/p>\n<li>Congresos locales en distintas entidades.<\/li>\n<p>&#13;<\/p>\n<li>M\u00e1s de 2,000 ayuntamientos en todo el pa\u00eds.<\/li>\n<p>&#13;\n<\/ul>\n<h2>Tlaxcala\u00a0tendr\u00e1 una amplia renovaci\u00f3n de cargos p\u00fablicos<\/h2>\n<p>Tlaxcala, una de las<strong> 32 entidades federativas del pa\u00eds<\/strong>, formar\u00e1 parte de esta jornada electoral. Al 29 de enero de 2026, su L<strong>ista Nominal <\/strong>estaba integrada por <strong>1,035,742 electores, de los cuales 544,118 son mujeres (52.5%) y 491,621 hombres (47.5%). <\/strong>Esto representa el <strong>1.1% del padr\u00f3n nacional.<\/strong><\/p>\n<div class=\"image-align-center\">\n<figure class=\"image\"><img loading=\"lazy\" decoding=\"async\" alt=\"\" height=\"400\" src=\"https:\/\/heraldodemexico.com.mx\/u\/fotografias\/m\/2024\/11\/24\/f768x400-1047097_1091000_5050.jpg\" width=\"768\"\/>&#13;<figcaption>Con poco m\u00e1s de un mill\u00f3n de electores, Tlaxcala tendr\u00e1 una jornada clave que abarcar\u00e1 todos los niveles de gobierno.<\/figcaption>&#13;<br \/>\n<\/figure>\n<\/div>\n<h2>\u00bfQu\u00e9 cargos se elegir\u00e1n en Tlaxcala?<\/h2>\n<p>En la entidad estar\u00e1n en juego:<\/p>\n<ul>&#13;<\/p>\n<li>La gubernatura del estado.<\/li>\n<p>&#13;<\/p>\n<li>25 diputaciones del Congreso local:<\/li>\n<p>&#13;<\/p>\n<li>15 de mayor\u00eda relativa.<\/li>\n<p>&#13;<\/p>\n<li>10 de representaci\u00f3n proporcional.<\/li>\n<p>&#13;<\/p>\n<li>Los 60 ayuntamientos, que incluyen: presidencias municipales, sindicaturas, regidur\u00edas.<\/li>\n<p>&#13;<\/p>\n<li>Las 299 presidencias de comunidad electas por voto constitucional.<\/li>\n<p>&#13;\n<\/ul>\n<p>La magnitud de este proceso implicar\u00e1 una coordinaci\u00f3n estrecha entre\u00a0<strong>autoridades\u00a0electorales federales y estatales,<\/strong> debido a la complejidad de organizar una votaci\u00f3n de esta escala.<\/p>\n<\/p><\/div>\n<\/p><\/div>\n<p><script>\n    !function(f,b,e,v,n,t,s)\n    {if(f.fbq)return;n=f.fbq=function(){n.callMethod?\n    n.callMethod.apply(n,arguments):n.queue.push(arguments)};\n    if(!f._fbq)f._fbq=n;n.push=n;n.loaded=!0;n.version='2.0';\n    n.queue=[];t=b.createElement(e);t.async=!0;\n    t.src=v;s=b.getElementsByTagName(e)[0];\n    s.parentNode.insertBefore(t,s)}(window, document,'script',\n    'https:\/\/connect.facebook.net\/en_US\/fbevents.js');\n    fbq('init', '237927003583820');\n    fbq('track', 'PageView');\n  <\/script><br \/>\n<br \/><\/p>\n","protected":false},"excerpt":{"rendered":"<p>Las elecciones de 2027 en M\u00e9xico se perfilan como uno de los procesos democr\u00e1ticos m\u00e1s relevantes por la magnitud de cargos en disputa y su impacto en la vida p\u00fablica del pa\u00eds. De acuerdo con el Instituto Nacional Electoral (INE), ser\u00e1 una jornada concurrente en la que coincidir\u00e1n elecciones federales y locales. En este contexto, [&hellip;]<\/p>\n","protected":false},"author":2,"featured_media":4933,"comment_status":"","ping_status":"","sticky":false,"template":"","format":"standard","meta":{"footnotes":""},"categories":[2],"tags":[],"class_list":["post-4932","post","type-post","status-publish","format-standard","has-post-thumbnail","hentry","category-local"],"_links":{"self":[{"href":"https:\/\/conexion-mx.com\/index.php?rest_route=\/wp\/v2\/posts\/4932","targetHints":{"allow":["GET"]}}],"collection":[{"href":"https:\/\/conexion-mx.com\/index.php?rest_route=\/wp\/v2\/posts"}],"about":[{"href":"https:\/\/conexion-mx.com\/index.php?rest_route=\/wp\/v2\/types\/post"}],"author":[{"embeddable":true,"href":"https:\/\/conexion-mx.com\/index.php?rest_route=\/wp\/v2\/users\/2"}],"replies":[{"embeddable":true,"href":"https:\/\/conexion-mx.com\/index.php?rest_route=%2Fwp%2Fv2%2Fcomments&post=4932"}],"version-history":[{"count":0,"href":"https:\/\/conexion-mx.com\/index.php?rest_route=\/wp\/v2\/posts\/4932\/revisions"}],"wp:featuredmedia":[{"embeddable":true,"href":"https:\/\/conexion-mx.com\/index.php?rest_route=\/wp\/v2\/media\/4933"}],"wp:attachment":[{"href":"https:\/\/conexion-mx.com\/index.php?rest_route=%2Fwp%2Fv2%2Fmedia&parent=4932"}],"wp:term":[{"taxonomy":"category","embeddable":true,"href":"https:\/\/conexion-mx.com\/index.php?rest_route=%2Fwp%2Fv2%2Fcategories&post=4932"},{"taxonomy":"post_tag","embeddable":true,"href":"https:\/\/conexion-mx.com\/index.php?rest_route=%2Fwp%2Fv2%2Ftags&post=4932"}],"curies":[{"name":"wp","href":"https:\/\/api.w.org\/{rel}","templated":true}]}}