{"id":4936,"date":"2026-07-24T15:59:32","date_gmt":"2026-07-24T20:59:32","guid":{"rendered":"https:\/\/conexion-mx.com\/?p=4936"},"modified":"2026-07-24T15:59:32","modified_gmt":"2026-07-24T20:59:32","slug":"smart-cities-en-mexico-que-hace-falta-para-que-la-tecnologia-urbana-funcione-mas-alla-del-discurso","status":"publish","type":"post","link":"https:\/\/conexion-mx.com\/?p=4936","title":{"rendered":"Smart cities en M\u00e9xico: qu\u00e9 hace falta para que la tecnolog\u00eda urbana funcione m\u00e1s all\u00e1 del discurso"},"content":{"rendered":"<p> <br \/>\n<\/p>\n<div>\n<p>En ese tiempo, el debate ha madurado considerablemente: ya nadie discute si la tecnolog\u00eda tiene un papel en la gesti\u00f3n urbana. La pregunta que vale la pena responder ahora es m\u00e1s dif\u00edcil: \u00bfpor qu\u00e9, con toda la tecnolog\u00eda disponible, son tan pocas las ciudades mexicanas que realmente operan de forma integrada?<\/p>\n<p><strong>M\u00e9xico <\/strong>tiene ciudades con <strong>c\u00e1maras, sensores, centros de datos y plataformas digitales<\/strong> instaladas. Los especialistas se\u00f1alan de forma consistente que esos elementos raramente funcionan como sistema: operan en silos institucionales, con datos que no se comparten entre dependencias, sobre infraestructura que pierde continuidad cuando cambia el gobierno y sin una visi\u00f3n de largo plazo que trascienda el per\u00edodo administrativo.<\/p>\n<aside class=\"htmlinline\"\/>\n<blockquote><p>&#13;<\/p>\n<p>\u00abLa creaci\u00f3n de <strong>Smart Cities<\/strong> es una tarea compleja que implica tecnolog\u00eda de punta y un compromiso a largo plazo para lograr que sea viable, sostenible y beneficiosa para la ciudadan\u00eda\u00bb, afirman especialistas de Seguritech. Ese compromiso de largo plazo \u2014 que incluye mantenimiento, actualizaci\u00f3n y continuidad operativa \u2014 es precisamente lo que con m\u00e1s frecuencia falta en los proyectos urbanos mexicanos.<\/p>\n<p>&#13;\n<\/p><\/blockquote>\n<p class=\"image-align-center\"><img loading=\"lazy\" decoding=\"async\" alt=\"\" height=\"511\" src=\"https:\/\/heraldodemexico.com.mx\/u\/fotografias\/m\/2026\/7\/24\/f768x1-1310711_1310838_5050.jpeg\" width=\"768\"\/><\/p>\n<p>Una <strong>c\u00e1mara inteligente <\/strong>instalada en una calle no hace a esa calle m\u00e1s segura por s\u00ed sola. Lo que la hace m\u00e1s segura es la combinaci\u00f3n de esa c\u00e1mara con un centro de monitoreo que procesa lo que capta, con protocolos de respuesta que determinan qu\u00e9 hacer cuando detecta algo relevante, con operadores capacitados que toman decisiones en tiempo real, y con sistemas de comunicaci\u00f3n que conectan esa respuesta con los elementos que act\u00faan en campo.<\/p>\n<p>Esa cadena completa es lo que define un ecosistema de seguridad urbana funcionando. Y es lo que con mayor frecuencia est\u00e1 roto en las ciudades mexicanas que han invertido en <strong>tecnolog\u00eda <\/strong>sin invertir en la arquitectura institucional y operativa que le da sentido a esa tecnolog\u00eda.<\/p>\n<p>El <strong>Foro Smart City 2025<\/strong>, organizado por la <strong>C\u00e1mara de Comercio e Industria Franco-Mexicana<\/strong>, identific\u00f3 precisamente ese punto como uno de los principales cuellos de botella: la digitalizaci\u00f3n avanza, pero sin la interconexi\u00f3n de plataformas y la visi\u00f3n preventiva que permita responder en tiempo real a los desaf\u00edos urbanos (<strong>Real Estate Market, 2025<\/strong>).<\/p>\n<p>En M\u00e9xico la integraci\u00f3n est\u00e1 avanzando con resultados medibles, consolidando sistemas de vigilancia avanzada y an\u00e1lisis de datos para seguridad y movilidad que han permitido mejorar la respuesta a incidentes urbanos de forma sostenida.&#13;<br \/>\n&#13;\n<\/p>\n<p>Para 2050, el 68% de la<strong> poblaci\u00f3n mundial vivir\u00e1 en entornos urbanos<\/strong>, seg\u00fan proyecciones de la <strong>ONU<\/strong>. En M\u00e9xico, ese proceso ya est\u00e1 en marcha: las ciudades medianas del Baj\u00edo, la frontera norte y el sureste est\u00e1n creciendo a una velocidad que supera la capacidad de respuesta de su <strong>infraestructura <\/strong>actual. Sin sistemas de gesti\u00f3n urbana integrados, ese crecimiento se convierte en presi\u00f3n acumulada sobre servicios que ya operan al l\u00edmite.&#13;<br \/>\n&#13;\n<\/p>\n<p>La buena noticia es que el pa\u00eds tiene la capacidad tecnol\u00f3gica y el talento para construir estos sistemas. La condici\u00f3n es que <strong>los gobiernos, las empresas y la sociedad civil <\/strong>decidan tratarlos como infraestructura, con el mismo nivel de seriedad con que se trata una carretera o una red de agua potable.&#13;<br \/>\n&#13;\n<\/p>\n<p>MMV&#13;<br \/>\n&#13;<br \/>\n&#13;\n                                <\/p>\n<\/p><\/div>\n<p><script>\n    !function(f,b,e,v,n,t,s)\n    {if(f.fbq)return;n=f.fbq=function(){n.callMethod?\n    n.callMethod.apply(n,arguments):n.queue.push(arguments)};\n    if(!f._fbq)f._fbq=n;n.push=n;n.loaded=!0;n.version='2.0';\n    n.queue=[];t=b.createElement(e);t.async=!0;\n    t.src=v;s=b.getElementsByTagName(e)[0];\n    s.parentNode.insertBefore(t,s)}(window, document,'script',\n    'https:\/\/connect.facebook.net\/en_US\/fbevents.js');\n    fbq('init', '237927003583820');\n    fbq('track', 'PageView');\n  <\/script><br \/>\n<br \/><\/p>\n","protected":false},"excerpt":{"rendered":"<p>En ese tiempo, el debate ha madurado considerablemente: ya nadie discute si la tecnolog\u00eda tiene un papel en la gesti\u00f3n urbana. La pregunta que vale la pena responder ahora es m\u00e1s dif\u00edcil: \u00bfpor qu\u00e9, con toda la tecnolog\u00eda disponible, son tan pocas las ciudades mexicanas que realmente operan de forma integrada? M\u00e9xico tiene ciudades con [&hellip;]<\/p>\n","protected":false},"author":2,"featured_media":4937,"comment_status":"","ping_status":"","sticky":false,"template":"","format":"standard","meta":{"footnotes":""},"categories":[2],"tags":[],"class_list":["post-4936","post","type-post","status-publish","format-standard","has-post-thumbnail","hentry","category-local"],"_links":{"self":[{"href":"https:\/\/conexion-mx.com\/index.php?rest_route=\/wp\/v2\/posts\/4936","targetHints":{"allow":["GET"]}}],"collection":[{"href":"https:\/\/conexion-mx.com\/index.php?rest_route=\/wp\/v2\/posts"}],"about":[{"href":"https:\/\/conexion-mx.com\/index.php?rest_route=\/wp\/v2\/types\/post"}],"author":[{"embeddable":true,"href":"https:\/\/conexion-mx.com\/index.php?rest_route=\/wp\/v2\/users\/2"}],"replies":[{"embeddable":true,"href":"https:\/\/conexion-mx.com\/index.php?rest_route=%2Fwp%2Fv2%2Fcomments&post=4936"}],"version-history":[{"count":0,"href":"https:\/\/conexion-mx.com\/index.php?rest_route=\/wp\/v2\/posts\/4936\/revisions"}],"wp:featuredmedia":[{"embeddable":true,"href":"https:\/\/conexion-mx.com\/index.php?rest_route=\/wp\/v2\/media\/4937"}],"wp:attachment":[{"href":"https:\/\/conexion-mx.com\/index.php?rest_route=%2Fwp%2Fv2%2Fmedia&parent=4936"}],"wp:term":[{"taxonomy":"category","embeddable":true,"href":"https:\/\/conexion-mx.com\/index.php?rest_route=%2Fwp%2Fv2%2Fcategories&post=4936"},{"taxonomy":"post_tag","embeddable":true,"href":"https:\/\/conexion-mx.com\/index.php?rest_route=%2Fwp%2Fv2%2Ftags&post=4936"}],"curies":[{"name":"wp","href":"https:\/\/api.w.org\/{rel}","templated":true}]}}