{"id":4948,"date":"2026-07-25T11:53:08","date_gmt":"2026-07-25T16:53:08","guid":{"rendered":"https:\/\/conexion-mx.com\/?p=4948"},"modified":"2026-07-25T11:53:08","modified_gmt":"2026-07-25T16:53:08","slug":"me-siento-al-100-aylin-mujica-revela-como-fueron-las-ultimas-24-horas-con-vida-de-su-hijo-maahez","status":"publish","type":"post","link":"https:\/\/conexion-mx.com\/?p=4948","title":{"rendered":"\u201cMe siento al 100\u201d: Ayl\u00edn Mujica revela c\u00f3mo fueron las \u00faltimas 24 horas con vida de su hijo Maahez"},"content":{"rendered":"<p> <br \/>\n<\/p>\n<div>\n<p>La actriz cubana <strong>Ayl\u00edn<\/strong> <strong>Mujica<\/strong> rompi\u00f3 el silencio acerca de la <strong>muerte<\/strong> de su hijo <strong>Mauro<\/strong> <strong>Men\u00e9ndez<\/strong> (a)<strong> \u201cMaahez\u201d <\/strong>en la entrevista que le concedi\u00f3 a la conductora Ver\u00f3nica Bastos para el programa \u201cLa mesa caliente\u201d y dio detalles de <strong>c\u00f3mo fueron sus \u00faltimas 24 horas con vida<\/strong>.<\/p>\n<p>De acuerdo con la famosa, de 51 a\u00f1os de edad, su hijo ten\u00eda <strong>problemas<\/strong> <strong>de salud<\/strong> porque presentaba un<strong> \u201ccatarro fuerte\u201d <\/strong>y por eso le pidi\u00f3 que no viajara, ya que ten\u00eda planeado un viaje a <strong>Barbados<\/strong> para acudir a un partido de b\u00e9isbol. Incluso lo llevaron a <strong>urgencias<\/strong> en un <strong>hospital<\/strong> en Miami, donde vive su madre, pero a pesar de esto el productor musical y DJ decidi\u00f3\u00a0 tomar el vuelo.<\/p>\n<aside class=\"htmlinline\"\/>\n<blockquote><p>&#13;<\/p>\n<p>\u201cMauro siempre andaba viajando (&#8230;). La \u00faltima vez que pas\u00f3 a Miami yo me encontraba en Miami grabando \u2018Top Chef\u2019. Estaba mi madre con \u00e9l y, de pronto, <strong>se puso mal con un catarro muy fuerte<\/strong>.\u00a0Le dije \u2018es que siempre tienes este catarro, esta tos\u2019. Mi hermano lo llev\u00f3 a urgencias, (pero) horas despu\u00e9s se fue a Barbados\u201d, detall\u00f3 Ayl\u00edn Mujica.<\/p>\n<p>&#13;\n<\/p><\/blockquote>\n<h2>Qu\u00e9 le pas\u00f3 a\u00a0Mauro Men\u00e9ndez, el fallecido hijo de Ayl\u00edn Mujica<\/h2>\n<p>La <strong>salud<\/strong> de <strong>Mauro<\/strong> <strong>Men\u00e9ndez<\/strong> empeor\u00f3 cuando ya estaba en la isla caribe\u00f1a, donde nuevamente tuvo que ser llevado a un <strong>hospital<\/strong><strong> <\/strong>y los m\u00e9dicos le informaron que ten\u00eda un <strong>cuadro de neumon\u00eda<\/strong>.<\/p>\n<blockquote><p>&#13;<\/p>\n<p>\u201cMe han dicho que tengo una neumon\u00eda muy fuerte, pero ya me dieron antibi\u00f3tico y me siento al 100\u201d, record\u00f3 Ayl\u00edn Mujica que le asegur\u00f3 su hijo; la famosa precis\u00f3 que el DJ le dijo esto unas 24 horas de que muriera.<\/p>\n<p>&#13;\n<\/p><\/blockquote>\n<h2>En la playa\u00a0jugando f\u00fatbol, esto hac\u00eda\u00a0\u201cMaahez\u201d antes de morir<\/h2>\n<p><strong>Ayl\u00edn Mujica<\/strong> precis\u00f3 que por horas perdi\u00f3 comunicaci\u00f3n con su hijo, ya que no le respond\u00eda. La noche del<strong> 16 de julio<\/strong>, a las 10, recibi\u00f3 las noticias que la alertaron: su hijo<strong> \u201cMaahez\u201d<\/strong>\u00a0no se hab\u00eda puesto en contacto porque cuando se encontraba en la playa jugando se empez\u00f3 a sentir mal e incluso <strong>convulsion\u00f3<\/strong>.<\/p>\n<blockquote><p>&#13;<\/p>\n<p>\u201cA las 10 de la noche cuando le habl\u00f3 me contesta su amiga que estaba en el <strong>hospital<\/strong> y lo \u00fanico que me dijo fue \u2018Mauro estaba jugando soccer viendo el sunset (atardecer) con nosotros y unos amigos, <strong>convulsion\u00f3<\/strong> tres veces, la ambulancia lleg\u00f3 tarde, <strong>le falt\u00f3 ox\u00edgeno en el cerebro<\/strong> y est\u00e1 en este momento <strong>entubado<\/strong>, pero se le est\u00e1 parando el coraz\u00f3n todo el tiempo\u201d.<\/p>\n<p>&#13;\n<\/p><\/blockquote>\n<h2>Qu\u00e9 problemas de salud tuvo el hijo de Ayl\u00edn Mujica antes de morir<\/h2>\n<p><strong>Previo a su muerte\u00a0Mauro Men\u00e9ndez\u00a0tuvo que ser revivido unas cinco veces<\/strong>, dijo Ayil\u00edn Mujica, quien emprendi\u00f3 un viaje para estar con su hijo. Sin embargo, no alcanz\u00f3 a ver a su hijo con vida, ya que <strong>falleci\u00f3<\/strong>; la doctora que atendi\u00f3 al DJ le dijo a la actriz que ten\u00eda un <strong>co\u00e1gulo en el coraz\u00f3n y otro en el pulm\u00f3n<\/strong>, pero a\u00fan falta que se hagan precisiones m\u00e9dicas.&#13;<br \/>\n&#13;\n<\/p>\n<blockquote><p>&#13;<\/p>\n<p>\u201cYo necesitaba fuerza porque, al viajar sola, dije \u2018no me puede dar ni un desmayo ni una debilidad hasta que llegue a Barbados a ver a mi hijo ah\u00ed me desmorono\u2019\u201d.&#13;\n<\/p>\n<\/blockquote><\/div>\n<p><script>\n    !function(f,b,e,v,n,t,s)\n    {if(f.fbq)return;n=f.fbq=function(){n.callMethod?\n    n.callMethod.apply(n,arguments):n.queue.push(arguments)};\n    if(!f._fbq)f._fbq=n;n.push=n;n.loaded=!0;n.version='2.0';\n    n.queue=[];t=b.createElement(e);t.async=!0;\n    t.src=v;s=b.getElementsByTagName(e)[0];\n    s.parentNode.insertBefore(t,s)}(window, document,'script',\n    'https:\/\/connect.facebook.net\/en_US\/fbevents.js');\n    fbq('init', '237927003583820');\n    fbq('track', 'PageView');\n  <\/script><script>\n    !function(f,b,e,v,n,t,s)\n    {if(f.fbq)return;n=f.fbq=function(){n.callMethod?\n    n.callMethod.apply(n,arguments):n.queue.push(arguments)};\n    if(!f._fbq)f._fbq=n;n.push=n;n.loaded=!0;n.version='2.0';\n    n.queue=[];t=b.createElement(e);t.async=!0;\n    t.src=v;s=b.getElementsByTagName(e)[0];\n    s.parentNode.insertBefore(t,s)}(window, document,'script',\n    'https:\/\/connect.facebook.net\/en_US\/fbevents.js');\n    fbq('init', '775201487065840');\n    fbq('track', 'PageView');\n    <\/script><br \/>\n<br \/><\/p>\n","protected":false},"excerpt":{"rendered":"<p>La actriz cubana Ayl\u00edn Mujica rompi\u00f3 el silencio acerca de la muerte de su hijo Mauro Men\u00e9ndez (a) \u201cMaahez\u201d en la entrevista que le concedi\u00f3 a la conductora Ver\u00f3nica Bastos para el programa \u201cLa mesa caliente\u201d y dio detalles de c\u00f3mo fueron sus \u00faltimas 24 horas con vida. De acuerdo con la famosa, de 51 [&hellip;]<\/p>\n","protected":false},"author":3,"featured_media":4949,"comment_status":"","ping_status":"","sticky":false,"template":"","format":"standard","meta":{"footnotes":""},"categories":[34],"tags":[],"class_list":["post-4948","post","type-post","status-publish","format-standard","has-post-thumbnail","hentry","category-sociedad"],"_links":{"self":[{"href":"https:\/\/conexion-mx.com\/index.php?rest_route=\/wp\/v2\/posts\/4948","targetHints":{"allow":["GET"]}}],"collection":[{"href":"https:\/\/conexion-mx.com\/index.php?rest_route=\/wp\/v2\/posts"}],"about":[{"href":"https:\/\/conexion-mx.com\/index.php?rest_route=\/wp\/v2\/types\/post"}],"author":[{"embeddable":true,"href":"https:\/\/conexion-mx.com\/index.php?rest_route=\/wp\/v2\/users\/3"}],"replies":[{"embeddable":true,"href":"https:\/\/conexion-mx.com\/index.php?rest_route=%2Fwp%2Fv2%2Fcomments&post=4948"}],"version-history":[{"count":0,"href":"https:\/\/conexion-mx.com\/index.php?rest_route=\/wp\/v2\/posts\/4948\/revisions"}],"wp:featuredmedia":[{"embeddable":true,"href":"https:\/\/conexion-mx.com\/index.php?rest_route=\/wp\/v2\/media\/4949"}],"wp:attachment":[{"href":"https:\/\/conexion-mx.com\/index.php?rest_route=%2Fwp%2Fv2%2Fmedia&parent=4948"}],"wp:term":[{"taxonomy":"category","embeddable":true,"href":"https:\/\/conexion-mx.com\/index.php?rest_route=%2Fwp%2Fv2%2Fcategories&post=4948"},{"taxonomy":"post_tag","embeddable":true,"href":"https:\/\/conexion-mx.com\/index.php?rest_route=%2Fwp%2Fv2%2Ftags&post=4948"}],"curies":[{"name":"wp","href":"https:\/\/api.w.org\/{rel}","templated":true}]}}