{"id":4950,"date":"2026-07-25T16:10:38","date_gmt":"2026-07-25T21:10:38","guid":{"rendered":"https:\/\/conexion-mx.com\/?p=4950"},"modified":"2026-07-25T16:10:38","modified_gmt":"2026-07-25T21:10:38","slug":"la-secretaria-de-la-defensa-nacional-carece-de-atribuciones-sobre-planteles-educativos-militarizados","status":"publish","type":"post","link":"https:\/\/conexion-mx.com\/?p=4950","title":{"rendered":"La Secretar\u00eda de la Defensa Nacional carece de atribuciones sobre planteles educativos \u201cmilitarizados\u201d"},"content":{"rendered":"<p> <br \/>\n<\/p>\n<div itemprop=\"articleBody\">\n<div class=\"txt_contenido\">\n<p>La <strong>Secretar\u00eda de la Defensa Nacional <\/strong>lanz\u00f3 un comunicado este s\u00e1bado 25 de julio, en relaci\u00f3n con la <strong>muerte<\/strong>\u00a0de <strong>Dafne Zapata<\/strong> de <strong>13 a\u00f1os de edad<\/strong>, dentro de una <strong>escuela militarizada <\/strong>en <strong>Tamaulipas<\/strong>.<\/p>\n<p>Declar\u00f3 respecto al <strong>lamentable fallecimiento de la menor de edad<\/strong> registrado el pasado 16 de julio,\u00a0durante actividades de la \u201c<strong>academia militarizada Marina Doenitz<\/strong>\u201d en <strong>Ciudad Madero<\/strong>; y en aclaraci\u00f3n de la informaci\u00f3n <strong>err\u00f3neamente vertida por algunos medios de comunicaci\u00f3n <\/strong>lo siguiente:<\/p>\n<aside class=\"htmlinline\"\/>\n<blockquote><p>&#13;<\/p>\n<p>La Secretar\u00eda de la Defensa Nacional carece de facultades para autorizar, supervisar, inspeccionar o regular el funcionamiento de instituciones educativas de esta naturaleza\u00bb, se\u00f1al\u00f3.<\/p>\n<aside class=\"relacionadas con-foto linea-1078\"><strong class=\"relacionadas-titulo-gral\">Noticias Relacionadas<\/strong><\/aside>\n<p>&#13;\n<\/p><\/blockquote>\n<p>Lo anterior, refiere el texto, de conformidad con el <strong>Reglamento Interior <\/strong>de esta dependencia, expedido por la Presidencia de la Rep\u00fablica mediante su publicaci\u00f3n en el Diario Oficial de la Federaci\u00f3n, el 29 de diciembre de 2008, donde <strong>se derog\u00f3 cualquier disposici\u00f3n administrativa que contraviniera este ordenamiento<\/strong>.<\/p>\n<p>De tal manera que <strong>esta Secretar\u00eda no guarda relaci\u00f3n alguna con la referida academia, ni con alg\u00fan otro plantel de este tipo<\/strong>.<\/p>\n<\/p><\/div>\n<\/p><\/div>\n<p><script>\n    !function(f,b,e,v,n,t,s)\n    {if(f.fbq)return;n=f.fbq=function(){n.callMethod?\n    n.callMethod.apply(n,arguments):n.queue.push(arguments)};\n    if(!f._fbq)f._fbq=n;n.push=n;n.loaded=!0;n.version='2.0';\n    n.queue=[];t=b.createElement(e);t.async=!0;\n    t.src=v;s=b.getElementsByTagName(e)[0];\n    s.parentNode.insertBefore(t,s)}(window, document,'script',\n    'https:\/\/connect.facebook.net\/en_US\/fbevents.js');\n    fbq('init', '237927003583820');\n    fbq('track', 'PageView');\n  <\/script><script>\n    !function(f,b,e,v,n,t,s)\n    {if(f.fbq)return;n=f.fbq=function(){n.callMethod?\n    n.callMethod.apply(n,arguments):n.queue.push(arguments)};\n    if(!f._fbq)f._fbq=n;n.push=n;n.loaded=!0;n.version='2.0';\n    n.queue=[];t=b.createElement(e);t.async=!0;\n    t.src=v;s=b.getElementsByTagName(e)[0];\n    s.parentNode.insertBefore(t,s)}(window, document,'script',\n    'https:\/\/connect.facebook.net\/en_US\/fbevents.js');\n    fbq('init', '802372280934901');\n    fbq('track', 'PageView');\n    <\/script><br \/>\n<br \/><\/p>\n","protected":false},"excerpt":{"rendered":"<p>La Secretar\u00eda de la Defensa Nacional lanz\u00f3 un comunicado este s\u00e1bado 25 de julio, en relaci\u00f3n con la muerte\u00a0de Dafne Zapata de 13 a\u00f1os de edad, dentro de una escuela militarizada en Tamaulipas. Declar\u00f3 respecto al lamentable fallecimiento de la menor de edad registrado el pasado 16 de julio,\u00a0durante actividades de la \u201cacademia militarizada Marina [&hellip;]<\/p>\n","protected":false},"author":2,"featured_media":4951,"comment_status":"","ping_status":"","sticky":false,"template":"","format":"standard","meta":{"footnotes":""},"categories":[2],"tags":[],"class_list":["post-4950","post","type-post","status-publish","format-standard","has-post-thumbnail","hentry","category-local"],"_links":{"self":[{"href":"https:\/\/conexion-mx.com\/index.php?rest_route=\/wp\/v2\/posts\/4950","targetHints":{"allow":["GET"]}}],"collection":[{"href":"https:\/\/conexion-mx.com\/index.php?rest_route=\/wp\/v2\/posts"}],"about":[{"href":"https:\/\/conexion-mx.com\/index.php?rest_route=\/wp\/v2\/types\/post"}],"author":[{"embeddable":true,"href":"https:\/\/conexion-mx.com\/index.php?rest_route=\/wp\/v2\/users\/2"}],"replies":[{"embeddable":true,"href":"https:\/\/conexion-mx.com\/index.php?rest_route=%2Fwp%2Fv2%2Fcomments&post=4950"}],"version-history":[{"count":0,"href":"https:\/\/conexion-mx.com\/index.php?rest_route=\/wp\/v2\/posts\/4950\/revisions"}],"wp:featuredmedia":[{"embeddable":true,"href":"https:\/\/conexion-mx.com\/index.php?rest_route=\/wp\/v2\/media\/4951"}],"wp:attachment":[{"href":"https:\/\/conexion-mx.com\/index.php?rest_route=%2Fwp%2Fv2%2Fmedia&parent=4950"}],"wp:term":[{"taxonomy":"category","embeddable":true,"href":"https:\/\/conexion-mx.com\/index.php?rest_route=%2Fwp%2Fv2%2Fcategories&post=4950"},{"taxonomy":"post_tag","embeddable":true,"href":"https:\/\/conexion-mx.com\/index.php?rest_route=%2Fwp%2Fv2%2Ftags&post=4950"}],"curies":[{"name":"wp","href":"https:\/\/api.w.org\/{rel}","templated":true}]}}