{"id":4952,"date":"2026-07-26T00:14:31","date_gmt":"2026-07-26T05:14:31","guid":{"rendered":"https:\/\/conexion-mx.com\/?p=4952"},"modified":"2026-07-26T00:14:31","modified_gmt":"2026-07-26T05:14:31","slug":"futbolista-de-la-seleccion-mexicana-pierde-el-conocimiento-y-es-retirado-por-una-ambulancia-en-pleno-partido-imagenes-fuertes","status":"publish","type":"post","link":"https:\/\/conexion-mx.com\/?p=4952","title":{"rendered":"Futbolista de la selecci\u00f3n mexicana pierde el conocimiento y es retirado por una ambulancia en pleno partido | IM\u00c1GENES FUERTES"},"content":{"rendered":"<p> <br \/>\n<\/p>\n<div itemprop=\"articleBody\">\n<div class=\"txt_contenido\">\n<p><strong>Germ\u00e1n<\/strong> <strong>Berterame<\/strong> sufri\u00f3 una fuerte lesi\u00f3n durante el partido <strong>Inter<\/strong> <strong>Miami<\/strong> vs <strong>Impact<\/strong> <strong>Montreal<\/strong>, durante un partido de la <strong>Major<\/strong> <strong>League<\/strong> <strong>Soccer<\/strong> (<strong>MLS<\/strong>), generando conmoci\u00f3n en la afici\u00f3n de futbol que asisti\u00f3 al partido, pues el <strong>mexicano<\/strong> tuvo que ser retirado en una ambulancia tras lo ocurrido.<\/p>\n<p>Fue durante el <strong>Inter<\/strong> <strong>Miami<\/strong> vs <strong>Impact<\/strong> <strong>Montreal<\/strong> que <strong>Germ\u00e1n<\/strong> <strong>Berterame<\/strong> sufri\u00f3 un fuerte accidente luego de que recibi\u00f3 un fuerte golpe en la cabeza que lo hizo perder el conocimiento, por lo que una ambulancia tuvo que retirarlo de emergencia para poder recibir atenci\u00f3n m\u00e9dica.<\/p>\n<aside class=\"htmlinline\"\/>\n<h2>\u00bfCu\u00e1l es el estado de salud de Germ\u00e1n Berterame?<\/h2>\n<p>Cabe destacar que el exdelantero de <strong>Rayados<\/strong> <strong>de<\/strong> <strong>Monterrey<\/strong> y mundialista con <strong>M\u00e9xico<\/strong> en <strong>Qatar<\/strong> <strong>2022<\/strong> tuvo que salir del partido para poder recibir atenci\u00f3n m\u00e9dica, por lo que, tras lo ocurrido, <strong>Luis<\/strong> <strong>Su\u00e1rez<\/strong>, leyenda del <strong>Barcelona<\/strong> y <strong>Liverpool<\/strong>, decidi\u00f3 celebrar con su playera como s\u00edmbolo de esperanza.<\/p>\n<aside class=\"relacionadas con-foto linea-1078\"><strong class=\"relacionadas-titulo-gral\">Noticias Relacionadas<\/strong><\/aside>\n<p>Ahora habr\u00e1 que esperar a un parte m\u00e9dico del equipo donde tambi\u00e9n militan <strong>Lionel<\/strong> <strong>Messi<\/strong>, <strong>Luis<\/strong> <strong>Su\u00e1rez<\/strong> y <strong>Casemiro<\/strong>, los tres leyendas de sus selecciones nacionales. Destacando que <strong>Berterame<\/strong> no juega con <strong>M\u00e9xico<\/strong> desde el pasado partido amistoso con <strong>Portugal<\/strong> en el <strong>Estadio<\/strong> <strong>Azteca<\/strong>.<\/p>\n<p><img loading=\"lazy\" decoding=\"async\" alt=\"\" height=\"512\" src=\"https:\/\/heraldodemexico.com.mx\/u\/fotografias\/m\/2026\/7\/25\/f768x1-1311054_1311181_5050.jpg\" width=\"768\"\/><\/p>\n<\/p><\/div>\n<\/p><\/div>\n<p><script>\n    !function(f,b,e,v,n,t,s)\n    {if(f.fbq)return;n=f.fbq=function(){n.callMethod?\n    n.callMethod.apply(n,arguments):n.queue.push(arguments)};\n    if(!f._fbq)f._fbq=n;n.push=n;n.loaded=!0;n.version='2.0';\n    n.queue=[];t=b.createElement(e);t.async=!0;\n    t.src=v;s=b.getElementsByTagName(e)[0];\n    s.parentNode.insertBefore(t,s)}(window, document,'script',\n    'https:\/\/connect.facebook.net\/en_US\/fbevents.js');\n    fbq('init', '237927003583820');\n    fbq('track', 'PageView');\n  <\/script><br \/>\n<br \/><\/p>\n","protected":false},"excerpt":{"rendered":"<p>Germ\u00e1n Berterame sufri\u00f3 una fuerte lesi\u00f3n durante el partido Inter Miami vs Impact Montreal, durante un partido de la Major League Soccer (MLS), generando conmoci\u00f3n en la afici\u00f3n de futbol que asisti\u00f3 al partido, pues el mexicano tuvo que ser retirado en una ambulancia tras lo ocurrido. Fue durante el Inter Miami vs Impact Montreal [&hellip;]<\/p>\n","protected":false},"author":2,"featured_media":4953,"comment_status":"","ping_status":"","sticky":false,"template":"","format":"standard","meta":{"footnotes":""},"categories":[2],"tags":[],"class_list":["post-4952","post","type-post","status-publish","format-standard","has-post-thumbnail","hentry","category-local"],"_links":{"self":[{"href":"https:\/\/conexion-mx.com\/index.php?rest_route=\/wp\/v2\/posts\/4952","targetHints":{"allow":["GET"]}}],"collection":[{"href":"https:\/\/conexion-mx.com\/index.php?rest_route=\/wp\/v2\/posts"}],"about":[{"href":"https:\/\/conexion-mx.com\/index.php?rest_route=\/wp\/v2\/types\/post"}],"author":[{"embeddable":true,"href":"https:\/\/conexion-mx.com\/index.php?rest_route=\/wp\/v2\/users\/2"}],"replies":[{"embeddable":true,"href":"https:\/\/conexion-mx.com\/index.php?rest_route=%2Fwp%2Fv2%2Fcomments&post=4952"}],"version-history":[{"count":0,"href":"https:\/\/conexion-mx.com\/index.php?rest_route=\/wp\/v2\/posts\/4952\/revisions"}],"wp:featuredmedia":[{"embeddable":true,"href":"https:\/\/conexion-mx.com\/index.php?rest_route=\/wp\/v2\/media\/4953"}],"wp:attachment":[{"href":"https:\/\/conexion-mx.com\/index.php?rest_route=%2Fwp%2Fv2%2Fmedia&parent=4952"}],"wp:term":[{"taxonomy":"category","embeddable":true,"href":"https:\/\/conexion-mx.com\/index.php?rest_route=%2Fwp%2Fv2%2Fcategories&post=4952"},{"taxonomy":"post_tag","embeddable":true,"href":"https:\/\/conexion-mx.com\/index.php?rest_route=%2Fwp%2Fv2%2Ftags&post=4952"}],"curies":[{"name":"wp","href":"https:\/\/api.w.org\/{rel}","templated":true}]}}