{"id":5057,"date":"2026-08-04T03:44:03","date_gmt":"2026-08-04T08:44:03","guid":{"rendered":"https:\/\/conexion-mx.com\/?p=5057"},"modified":"2026-08-04T03:44:03","modified_gmt":"2026-08-04T08:44:03","slug":"cuando-y-donde-ver-el-proximo-eclipse-solar-total-este-fenomeno-astronomico-coincidira-con-otro-espectaculo-celeste","status":"publish","type":"post","link":"https:\/\/conexion-mx.com\/?p=5057","title":{"rendered":"\u00bfCu\u00e1ndo y d\u00f3nde ver el pr\u00f3ximo eclipse solar total? Este fen\u00f3meno astron\u00f3mico coincidir\u00e1 con otro espect\u00e1culo celeste"},"content":{"rendered":"<p> <br \/>\n<\/p>\n<div>\n<p>El\u00a0pr\u00f3ximo<strong> mi\u00e9rcoles 12 de agosto<\/strong>, un <strong>eclipse solar total <\/strong>llegar\u00e1 a <strong>Espa\u00f1a<\/strong> por primera vez en m\u00e1s de un siglo<strong>, seguido de un espect\u00e1culo a\u00fan m\u00e1s prolongado el pr\u00f3ximo verano.<\/strong><\/p>\n<p>El cielo espa\u00f1ol se ver\u00e1 iluminado por varios <strong>fen\u00f3menos<\/strong> <strong>astron\u00f3micos<\/strong> ese d\u00eda, incluyendo una <strong>lluvia de<\/strong> <strong>meteoros<\/strong> y\u00a0<strong>un desfile de seis planetas<\/strong> al mismo tiempo.<\/p>\n<aside class=\"htmlinline\"\/>\n<p>El cielo se oscurecer\u00e1 sobre la <strong>pen\u00ednsula ib\u00e9rica el 12 de agosto<\/strong>, muy cercano al atardecer, influyendo en zonas de <strong>Groenlandia e Islandia<\/strong>, a medida que el<strong> Sol, la Luna y la Tierra se alineen perfectamente<\/strong>.<\/p>\n<aside class=\"relacionadas con-foto linea-1078\"><strong class=\"relacionadas-titulo-gral\">Noticias Relacionadas<\/strong><\/aside>\n<p>Este fen\u00f3meno comenzar\u00e1 cerca del<strong> Polo Norte<\/strong> y avanzar\u00e1 hacia el sur. Se prev\u00e9 que la fase de totalidad dure hasta <strong>dos minutos y 18 segundos<\/strong>. Esto marcar\u00e1 el inicio de un espect\u00e1culo solar a\u00fan mayor para el verano que viene, ya que un evento extraordinario de <strong>seis minutos y medio recorrer\u00e1 desde Espa\u00f1a hasta el norte de \u00c1frica y Medio Oriente<\/strong>.<\/p>\n<p>La sombra lunar que oculta el Sol tardar\u00e1 aproximadamente una <strong>hora y media<\/strong> en recorrer su trayectoria de\u00a0<strong>8,260 kil\u00f3metros (5,130 millas)<\/strong>, la mayor parte sobre las <strong>aguas desiertas del Atl\u00e1ntico<\/strong>. El punto de m\u00e1xima totalidad se producir\u00e1 frente a la costa occidental de Islandia.<\/p>\n<p>En cuanto se aproxime a una <strong>peque\u00f1a zona de Portugal y posteriormente a Espa\u00f1a<\/strong>, donde se espera que se congregue una multitud, la duraci\u00f3n de la totalidad se habr\u00e1 reducido a aproximadamente un minuto. Finalmente, el espect\u00e1culo concluir\u00e1 en el Mediterr\u00e1neo.<\/p>\n<h2>\u00bfD\u00f3nde se ver\u00e1 parcialmente este eclipse?<\/h2>\n<div class=\"image-align-center\">\n<figure class=\"image\"><img loading=\"lazy\" decoding=\"async\" alt=\"\" height=\"400\" src=\"https:\/\/heraldodemexico.com.mx\/u\/fotografias\/m\/2026\/8\/3\/f768x400-1314085_1357988_5050.jpg\" width=\"768\"\/>&#13;<figcaption>Eclipse solar total llegar\u00e1 a Espa\u00f1a despu\u00e9s de m\u00e1s de un siglo y coincidir\u00e1 con una lluvia de meteoros. Foto: AP<\/figcaption>&#13;<br \/>\n<\/figure>\n<\/div>\n<p>El eclipse, tambi\u00e9n lo podr\u00e1n disfrutar cientos de miles de personas en otros lugares, por lo que ser\u00e1 visible en zonas alejadas como <strong>Alaska y Siberia, abarcando Canad\u00e1, el norte de Estados Unidos y gran parte de Europa y \u00c1frica occidental<\/strong>.<\/p>\n<p>La <strong>NASA<\/strong>, tiene preparada la cobertura del eclipse solar y ser\u00e1 <strong>transmitida<\/strong> <strong>en<\/strong> <strong>vivo<\/strong>.\u00a0Cuanto m\u00e1s cerca se encuentre una ciudad de la trayectoria de la totalidad, mayor ser\u00e1 la parte del Sol que quedar\u00e1 cubierta por la <strong>Luna<\/strong>. En <strong>Dubl\u00edn<\/strong>, la ocultaci\u00f3n alcanzar\u00e1 el <strong>94 %, mientras que en Oslo, Noruega, llegar\u00e1 al 83 %<\/strong>.&#13;<br \/>\n&#13;\n<\/p>\n<p>En otras ciudades, el fen\u00f3meno ser\u00e1 menos intenso: en <strong>Montreal la Luna cubrir\u00e1 el 18 % del disco solar<\/strong>, porcentaje que disminuir\u00e1 al <strong>9 % en Nueva York y apenas al 2 % en Norfolk, Virginia<\/strong>.&#13;<br \/>\n&#13;\n<\/p>\n<p>Es fundamental utilizar <strong>lentes<\/strong> <strong>especiales<\/strong> para eclipses, inclusos si s\u00f3lo queda visible una peque\u00f1a parte del Sol.&#13;<br \/>\n&#13;\n<\/p>\n<h2>El cielo comenzar\u00e1 el d\u00eda con otro fen\u00f3meno astron\u00f3mico<\/h2>\n<p>Para hacer todav\u00eda m\u00e1s especial la jornada, el d\u00eda 12 de agosto\u00a0comenzar\u00e1 con<strong> seis planetas<\/strong> formando un arco visible en el cielo antes del amanecer. La actividad astron\u00f3mica continuar\u00e1 durante la noche con el momento de mayor intensidad de la <strong>lluvia de meteoros de las Perseidas, que coincidir\u00e1 con una Luna nueva<\/strong>.&#13;<br \/>\n&#13;\n<\/p>\n<p>Durante la fase de totalidad, algunos meteoros podr\u00edan aparecer como parte del<strong> paisaje celeste<\/strong>, acompa\u00f1ados por varios de los planetas y las estrellas m\u00e1s brillantes.&#13;<br \/>\n&#13;\n<\/p>\n<p>A este espect\u00e1culo se suma la expectativa de <strong>Michael Zeiler<\/strong>, <strong>cart\u00f3grafo<\/strong> <strong>especializado<\/strong> <strong>en<\/strong> <strong>eclipses<\/strong>, quien mantiene la atenci\u00f3n puesta en otro fen\u00f3meno mucho m\u00e1s dif\u00edcil de observar: las auroras boreales.&#13;<br \/>\n&#13;\n<\/p>\n<p>Para vivir su <strong>decimotercer<\/strong> eclipse solar total, Zeiler viajar\u00e1 como <strong>conferenciante<\/strong> <strong>invitado<\/strong> en un <strong>crucero<\/strong> que recorrer\u00e1 un fiordo (una estrecha costera)\u00a0de <strong>Groenlandia<\/strong>. Durante la totalidad, dirigir\u00e1 una c\u00e1mara de video hacia el norte con la intenci\u00f3n de registrar cualquier aurora boreal que pueda aparecer.&#13;<br \/>\n&#13;\n<\/p>\n<p>Zeiler tambi\u00e9n espera que una <strong>gran<\/strong> <strong>erupci\u00f3n<\/strong> <strong>solar<\/strong> ocurra durante el eclipse, lo que a\u00f1adir\u00eda otro fen\u00f3meno extraordinario a la experiencia.&#13;<br \/>\n&#13;\n<\/p>\n<p>El cart\u00f3grafo especializado en eclipses explic\u00f3 que su principal motivaci\u00f3n es poder presenciar acontecimientos astron\u00f3micos poco habituales. Y, seg\u00fan el texto, no es el \u00fanico que espera con entusiasmo lo que pueda ocurrir durante el fen\u00f3meno.&#13;<br \/>\n&#13;\n<\/p>\n<h2>ESA\u00a0ofrecer\u00e1 una retransmisi\u00f3n desde el Observatorio Astrof\u00edsico de Javalambre<\/h2>\n<p>La Agencia Espacial Europea (ESA) har\u00e1 una retransmisi\u00f3n en directo des de el Observatorio Astrof\u00edsico de Javalambre, en Espa\u00f1a, adem\u00e1s de organizar una celebraci\u00f3n p\u00fablica en Le\u00f3n.&#13;<br \/>\n&#13;\n<\/p>\n<blockquote><p>&#13;<\/p>\n<p>\u201cPara m\u00ed, no es solo un momento cient\u00edfico. No es solo una alineaci\u00f3n incre\u00edble de cuerpos celestes. Es tambi\u00e9n un momento muy humano\u201d, afirm\u00f3 Carole Mundell, directora de ciencia de la ESA. \u201cEs una conexi\u00f3n humana real entre nosotros \u2014con los pies en la Tierra\u2014 y el cosmos\u201d.&#13;\n<\/p>\n<\/blockquote>\n<p>Aunado a esto, <strong>dos telescopios espaciales<\/strong> de la ESA\u00a0estar\u00e1n atentos al Sol durante el eclipse, con especial inter\u00e9s en observar su <strong>corona<\/strong>, es decir, la capa m\u00e1s externa de su <strong>atm\u00f3sfera<\/strong>.&#13;<br \/>\n&#13;\n<\/p>\n<p>Por su parte, la misi\u00f3n <strong>Proba-3<\/strong>, integrada por <strong>dos sat\u00e9lites<\/strong> de la agencia, <strong>dise\u00f1ados<\/strong> <strong>para generar eclipses solares artificiales<\/strong>, no se encontrar\u00e1 en una <strong>posici\u00f3n<\/strong> <strong>orbital<\/strong> <strong>favorable<\/strong> para observar desde el espacio la totalidad del eclipse terrestre.&#13;<br \/>\n&#13;\n<\/p>\n<p>Aun as\u00ed, el equipo de la misi\u00f3n intentar\u00e1 obtener algunas im\u00e1genes del fen\u00f3meno tanto antes como despu\u00e9s de la totalidad, aprovechando los momentos en los que sus condiciones orbitales permitan realizar observaciones.&#13;<br \/>\n&#13;<br \/>\n&#13;\n                                <\/p>\n<\/p><\/div>\n<p><script>\n    !function(f,b,e,v,n,t,s)\n    {if(f.fbq)return;n=f.fbq=function(){n.callMethod?\n    n.callMethod.apply(n,arguments):n.queue.push(arguments)};\n    if(!f._fbq)f._fbq=n;n.push=n;n.loaded=!0;n.version='2.0';\n    n.queue=[];t=b.createElement(e);t.async=!0;\n    t.src=v;s=b.getElementsByTagName(e)[0];\n    s.parentNode.insertBefore(t,s)}(window, document,'script',\n    'https:\/\/connect.facebook.net\/en_US\/fbevents.js');\n    fbq('init', '237927003583820');\n    fbq('track', 'PageView');\n  <\/script><br \/>\n<br \/><\/p>\n","protected":false},"excerpt":{"rendered":"<p>El\u00a0pr\u00f3ximo mi\u00e9rcoles 12 de agosto, un eclipse solar total llegar\u00e1 a Espa\u00f1a por primera vez en m\u00e1s de un siglo, seguido de un espect\u00e1culo a\u00fan m\u00e1s prolongado el pr\u00f3ximo verano. El cielo espa\u00f1ol se ver\u00e1 iluminado por varios fen\u00f3menos astron\u00f3micos ese d\u00eda, incluyendo una lluvia de meteoros y\u00a0un desfile de seis planetas al mismo tiempo. [&hellip;]<\/p>\n","protected":false},"author":2,"featured_media":5058,"comment_status":"","ping_status":"","sticky":false,"template":"","format":"standard","meta":{"footnotes":""},"categories":[2],"tags":[],"class_list":["post-5057","post","type-post","status-publish","format-standard","has-post-thumbnail","hentry","category-local"],"_links":{"self":[{"href":"https:\/\/conexion-mx.com\/index.php?rest_route=\/wp\/v2\/posts\/5057","targetHints":{"allow":["GET"]}}],"collection":[{"href":"https:\/\/conexion-mx.com\/index.php?rest_route=\/wp\/v2\/posts"}],"about":[{"href":"https:\/\/conexion-mx.com\/index.php?rest_route=\/wp\/v2\/types\/post"}],"author":[{"embeddable":true,"href":"https:\/\/conexion-mx.com\/index.php?rest_route=\/wp\/v2\/users\/2"}],"replies":[{"embeddable":true,"href":"https:\/\/conexion-mx.com\/index.php?rest_route=%2Fwp%2Fv2%2Fcomments&post=5057"}],"version-history":[{"count":0,"href":"https:\/\/conexion-mx.com\/index.php?rest_route=\/wp\/v2\/posts\/5057\/revisions"}],"wp:featuredmedia":[{"embeddable":true,"href":"https:\/\/conexion-mx.com\/index.php?rest_route=\/wp\/v2\/media\/5058"}],"wp:attachment":[{"href":"https:\/\/conexion-mx.com\/index.php?rest_route=%2Fwp%2Fv2%2Fmedia&parent=5057"}],"wp:term":[{"taxonomy":"category","embeddable":true,"href":"https:\/\/conexion-mx.com\/index.php?rest_route=%2Fwp%2Fv2%2Fcategories&post=5057"},{"taxonomy":"post_tag","embeddable":true,"href":"https:\/\/conexion-mx.com\/index.php?rest_route=%2Fwp%2Fv2%2Ftags&post=5057"}],"curies":[{"name":"wp","href":"https:\/\/api.w.org\/{rel}","templated":true}]}}