{"id":5061,"date":"2026-08-04T12:35:24","date_gmt":"2026-08-04T17:35:24","guid":{"rendered":"https:\/\/conexion-mx.com\/?p=5061"},"modified":"2026-08-04T12:35:24","modified_gmt":"2026-08-04T17:35:24","slug":"espana-destinara-25-millones-de-euros-para-menores-migrantes-solos-en-ceuta-tras-crisis-con-marruecos","status":"publish","type":"post","link":"https:\/\/conexion-mx.com\/?p=5061","title":{"rendered":"Espa\u00f1a destinar\u00e1 25 millones de euros para menores migrantes solos en Ceuta tras crisis con Marruecos"},"content":{"rendered":"<p> <br \/>\n<\/p>\n<div>\n<p>Los ministros del <strong>Interior<\/strong> de la <strong>Uni\u00f3n Europea<\/strong> mantuvieron una reuni\u00f3n telem\u00e1tica urgente, para analizar la crisis migratoria de la ciudad espa\u00f1ola de <strong>Ceuta<\/strong>, situada en territorio de <strong>Marruecos<\/strong>, en el norte de <strong>\u00c1frica<\/strong>.<\/p>\n<p>El ministro del Interior de <strong>Espa\u00f1a<\/strong>, <strong>Fernando Grande-Marlaska<\/strong>, defendi\u00f3 la actuaci\u00f3n de los servicios de inteligencia de <strong>Espa\u00f1a<\/strong>.<\/p>\n<aside class=\"htmlinline\"\/>\n<blockquote><p>&#13;<\/p>\n<p><em>\u201cNo hubo ning\u00fan informe \u2013y si tengo que utilizar la palabra aviso\u2013 o nada parecido a lo que ha acontecido, o pudiera pasar\u201d<\/em>, se\u00f1al\u00f3 el funcionario espa\u00f1ol.<\/p>\n<p>&#13;\n<\/p><\/blockquote>\n<p>El ministro del Interior manifest\u00f3 que <strong>70 mil migrantes<\/strong> de los que entraron el pasado <strong>30 de junio<\/strong> ilegalmente, abandonaron ya <strong>Ceuta<\/strong> y quedar\u00edan <strong>2 mil<\/strong>, de los que la mitad son <strong>menores de edad<\/strong> solos.<\/p>\n<p>El <strong>Estado Espa\u00f1ol<\/strong> tiene la obligaci\u00f3n de protegerlos y tutelarlos. La <strong>Ley de Extranjer\u00eda<\/strong> contempla una acogida vinculante y solidaria.<\/p>\n<p>Para este fin, la ministra de <strong>Igualdad Social<\/strong> de <strong>Espa\u00f1a<\/strong> <strong>Ana Redondo<\/strong>, anunci\u00f3 una partida de <strong>25 millones de euros<\/strong> para hacerse cargo de estos ni\u00f1os sin acompa\u00f1ante, que no quieren regresar a <strong>Marruecos<\/strong>.<\/p>\n<p>Los <strong>27 ministros<\/strong> del Interior acordaron seguir luchando contra las <strong>redes de tr\u00e1fico de migrantes<\/strong> y mejorar la capacidad de prevenci\u00f3n ante llegadas masivas de inmigrantes.<\/p>\n<p><strong>Ceuta<\/strong> no ha recuperado la normalidad. Centenares de migrantes africanos duermen en parques, pol\u00edgonos o en playas. Entre cartones y la caridad.&#13;<br \/>\n&#13;\n<\/p>\n<p>Est\u00e1n a expensas de <strong>organizaciones no gubernamentales<\/strong> que les llevan un desayuno y una sopa para comer a mediod\u00eda. Buscan quedarse en <strong>Espa\u00f1a<\/strong> en busca de una vida mejor. Pero no hay nadie que les d\u00e9 trabajo.&#13;<br \/>\n&#13;\n<\/p>\n<p>Miles de familiares en <strong>Marruecos<\/strong> piden a los que regresan noticias de los suyos que se quedaron en <strong>Espa\u00f1a<\/strong> o que se ahogaron en el <strong>mar Mediterr\u00e1neo<\/strong> en la traves\u00eda de <strong>5 kil\u00f3metros<\/strong> del pasado jueves, para llegar a <strong>Ceuta<\/strong>. Otras familias intentan saber si entre los casi <strong>90 cad\u00e1veres<\/strong> que se han recuperado, est\u00e1 su hijo o alg\u00fan pariente cercano.&#13;<br \/>\n&#13;\n<\/p>\n<p>Las <strong>redes sociales<\/strong> movilizaron el pasado <strong>30 de junio<\/strong> a decenas de miles de marroqu\u00edes con la falsa noticia que se hab\u00eda abierto la frontera con <strong>Espa\u00f1a<\/strong> y muchos fueron en busca de una oportunidad. Se investiga quienes estaban detr\u00e1s de estos mensajes falsos que han provocado una inmensa tragedia.&#13;<br \/>\n&#13;<br \/>\n&#13;\n                                <\/p>\n<\/p><\/div>\n<p><script>\n    !function(f,b,e,v,n,t,s)\n    {if(f.fbq)return;n=f.fbq=function(){n.callMethod?\n    n.callMethod.apply(n,arguments):n.queue.push(arguments)};\n    if(!f._fbq)f._fbq=n;n.push=n;n.loaded=!0;n.version='2.0';\n    n.queue=[];t=b.createElement(e);t.async=!0;\n    t.src=v;s=b.getElementsByTagName(e)[0];\n    s.parentNode.insertBefore(t,s)}(window, document,'script',\n    'https:\/\/connect.facebook.net\/en_US\/fbevents.js');\n    fbq('init', '237927003583820');\n    fbq('track', 'PageView');\n  <\/script><br \/>\n<br \/><\/p>\n","protected":false},"excerpt":{"rendered":"<p>Los ministros del Interior de la Uni\u00f3n Europea mantuvieron una reuni\u00f3n telem\u00e1tica urgente, para analizar la crisis migratoria de la ciudad espa\u00f1ola de Ceuta, situada en territorio de Marruecos, en el norte de \u00c1frica. El ministro del Interior de Espa\u00f1a, Fernando Grande-Marlaska, defendi\u00f3 la actuaci\u00f3n de los servicios de inteligencia de Espa\u00f1a. &#13; \u201cNo hubo [&hellip;]<\/p>\n","protected":false},"author":4,"featured_media":5062,"comment_status":"","ping_status":"","sticky":false,"template":"","format":"standard","meta":{"footnotes":""},"categories":[36],"tags":[],"class_list":["post-5061","post","type-post","status-publish","format-standard","has-post-thumbnail","hentry","category-tecnologia"],"_links":{"self":[{"href":"https:\/\/conexion-mx.com\/index.php?rest_route=\/wp\/v2\/posts\/5061","targetHints":{"allow":["GET"]}}],"collection":[{"href":"https:\/\/conexion-mx.com\/index.php?rest_route=\/wp\/v2\/posts"}],"about":[{"href":"https:\/\/conexion-mx.com\/index.php?rest_route=\/wp\/v2\/types\/post"}],"author":[{"embeddable":true,"href":"https:\/\/conexion-mx.com\/index.php?rest_route=\/wp\/v2\/users\/4"}],"replies":[{"embeddable":true,"href":"https:\/\/conexion-mx.com\/index.php?rest_route=%2Fwp%2Fv2%2Fcomments&post=5061"}],"version-history":[{"count":0,"href":"https:\/\/conexion-mx.com\/index.php?rest_route=\/wp\/v2\/posts\/5061\/revisions"}],"wp:featuredmedia":[{"embeddable":true,"href":"https:\/\/conexion-mx.com\/index.php?rest_route=\/wp\/v2\/media\/5062"}],"wp:attachment":[{"href":"https:\/\/conexion-mx.com\/index.php?rest_route=%2Fwp%2Fv2%2Fmedia&parent=5061"}],"wp:term":[{"taxonomy":"category","embeddable":true,"href":"https:\/\/conexion-mx.com\/index.php?rest_route=%2Fwp%2Fv2%2Fcategories&post=5061"},{"taxonomy":"post_tag","embeddable":true,"href":"https:\/\/conexion-mx.com\/index.php?rest_route=%2Fwp%2Fv2%2Ftags&post=5061"}],"curies":[{"name":"wp","href":"https:\/\/api.w.org\/{rel}","templated":true}]}}